{"id":1554,"date":"2025-12-16T16:43:40","date_gmt":"2025-12-16T15:43:40","guid":{"rendered":"https:\/\/maclabi.fr\/?p=1554"},"modified":"2025-12-16T16:43:41","modified_gmt":"2025-12-16T15:43:41","slug":"pour-que-leurope-donne-a-lukraine-les-moyens-de-la-victoire","status":"publish","type":"post","link":"https:\/\/maclabi.fr\/index.php\/2025\/12\/16\/pour-que-leurope-donne-a-lukraine-les-moyens-de-la-victoire\/","title":{"rendered":"pour que l&rsquo;Europe donne \u00e0 l&rsquo;Ukraine les moyens de la victoire"},"content":{"rendered":"<div class=\"wp-block-image\">\n<figure class=\"aligncenter size-full\"><img loading=\"lazy\" decoding=\"async\" width=\"224\" height=\"153\" src=\"https:\/\/maclabi.fr\/wp-content\/uploads\/2025\/12\/Sans-titre.jpg\" alt=\"\" class=\"wp-image-1556\"\/><\/figure>\n<\/div>\n\n\n<h5 class=\"wp-block-heading\">Signez et partagez notre p\u00e9tition<\/h5>\n\n\n\n<p><strong>18 000 signatures en 3 jours.<\/strong>&nbsp;Votre mobilisation massive prouve que les citoyens europ\u00e9ens ne se laisseront pas intimider par les calculs politiciens du Premier ministre belge, &nbsp;Bart De Wever, les menaces russes et les mensonges sur l&rsquo;effondrement apocalyptique de l&rsquo;Eurozone.<\/p>\n\n\n<div class=\"wp-block-image\">\n<figure class=\"aligncenter size-full is-resized\"><img loading=\"lazy\" decoding=\"async\" width=\"800\" height=\"450\" src=\"https:\/\/maclabi.fr\/wp-content\/uploads\/2025\/12\/EwVAidAxvEbsesV-800x450-noPad.webp\" alt=\"\" class=\"wp-image-1555\" style=\"aspect-ratio:1.7777309266663945;width:344px;height:auto\" srcset=\"https:\/\/maclabi.fr\/wp-content\/uploads\/2025\/12\/EwVAidAxvEbsesV-800x450-noPad.webp 800w, https:\/\/maclabi.fr\/wp-content\/uploads\/2025\/12\/EwVAidAxvEbsesV-800x450-noPad-300x169.webp 300w, https:\/\/maclabi.fr\/wp-content\/uploads\/2025\/12\/EwVAidAxvEbsesV-800x450-noPad-768x432.webp 768w\" sizes=\"auto, (max-width: 709px) 85vw, (max-width: 909px) 67vw, (max-width: 984px) 61vw, (max-width: 1362px) 45vw, 600px\" \/><\/figure>\n<\/div>\n\n\n<p><strong>le 18-19 d\u00e9cembre, le Conseil europ\u00e9en peut d\u00e9bloquer 140 milliards d&rsquo;euros pour l&rsquo;Ukraine<\/strong>, garantis par les avoirs russes gel\u00e9s. Ou il peut c\u00e9der au veto belge et condamner l&rsquo;Ukraine \u00e0 l&rsquo;effondrement \u00e9conomique d\u00e8s le printemps 2026.<\/p>\n\n\n\n<p><strong>Nous avons 15 jours pour faire basculer cette d\u00e9cision.<\/strong><\/p>\n\n\n\n<p><strong>Avant tout&nbsp;signez, partagez et faites signer autour de vous notre appel, utilisez les r\u00e9seaux sociaux, \u00e9crivez \u00e0&nbsp;vos contacts&nbsp;: famille, amis, coll\u00e8gues, associations,&nbsp;<\/strong><strong>ou d<\/strong><strong>ans vos groupes WhatsApp\/Telegram ou sur des Blogs et des medias<\/strong><\/p>\n\n\n\n<p><strong>Utilisez le lien:<\/strong><\/p>\n\n\n\n<p><a href=\"https:\/\/bit.ly\/140-milliards-pour-l-ukraine-garantis-par-les-avoirs-russes\">https:\/\/bit.ly\/140-milliards-pour-l-ukraine-garantis-par-les-avoirs-russes<\/a><\/p>\n\n\n\n<p><strong>Les plus grands experts mondiaux soutiennent cette mobilisation :<\/strong><\/p>\n\n\n\n<p><strong>Joseph Stiglitz, Prix Nobel d&rsquo;\u00e9conomie<\/strong>, balaie les arguments de De Wever :<\/p>\n\n\n\n<blockquote class=\"wp-block-quote is-layout-flow wp-block-quote-is-layout-flow\">\n<p><em>\u00ab Les pr\u00e9occupations de M. De Wever sont infond\u00e9es. Compte tenu des graves violations de la Charte des Nations unies et de l&rsquo;ampleur des crimes de guerre russes, il n&rsquo;y a aucune chance que la Russie obtienne gain de cause dans un arbitrage. [&#8230;]&nbsp;<\/em><em>Le pr\u00eat de r\u00e9paration n&rsquo;est pas seulement une question de justice. Il s&rsquo;agit d&rsquo;une question de survie. D\u00e9fendre l&rsquo;Ukraine, c&rsquo;est d\u00e9fendre l&rsquo;Europe. \u00bb&nbsp;<\/em><strong>Tout l&rsquo;article de Joseph Stieglitz est en pi\u00e8ce jointe.<\/strong><\/p>\n<\/blockquote>\n\n\n\n<p><strong>John Herbst, ancien ambassadeur am\u00e9ricain en Ukraine<\/strong>(Atlantic Council), avertit :<\/p>\n\n\n\n<blockquote class=\"wp-block-quote is-layout-flow wp-block-quote-is-layout-flow\">\n<p><em>\u00ab Si l&rsquo;UE approuvait le transfert des 300 milliards de dollars d&rsquo;actifs russes gel\u00e9s vers l&rsquo;Ukraine, cela donnerait \u00e0 l&rsquo;Ukraine une nouvelle ressource \u00e9conomique puissante. Avec un tel soutien, l&rsquo;arm\u00e9e de Poutine serait non seulement incapable d&rsquo;avancer, mais pourrait tr\u00e8s bien commencer \u00e0 perdre les territoires qu&rsquo;elle a d\u00e9j\u00e0 conquis.\u00bb<\/em><\/p>\n<\/blockquote>\n\n\n\n<p><strong>Gediminas \u0160imkus, pr\u00e9sident de la Banque centrale de Lituanie<\/strong>, tranche sur les risques financiers :<\/p>\n\n\n\n<blockquote class=\"wp-block-quote is-layout-flow wp-block-quote-is-layout-flow\">\n<p><em>\u00ab Si l&rsquo;Ukraine venait \u00e0 perdre la guerre, le risque de voir le conflit s&rsquo;\u00e9tendre aux pays voisins de l&rsquo;UE augmenterait consid\u00e9rablement. Un tel sc\u00e9nario \u00e9branlerait la confiance des investisseurs \u00e9trangers dans l&rsquo;euro bien plus que les r\u00e9percussions de l&rsquo;utilisation des fonds sanctionn\u00e9s. \u00bb<\/em><\/p>\n<\/blockquote>\n\n\n\n<p><strong>\ud83d\udc49Le message est clair : Le vrai risque, c&rsquo;est l&rsquo;inaction.<\/strong><\/p>\n\n\n\n<p><strong>Pourquoi est-ce si urgent ?<\/strong><\/p>\n\n\n\n<p id=\"isPasted\"><strong>Sans ce pr\u00eat garanti par les avoirs russes :<\/strong><\/p>\n\n\n\n<ul class=\"wp-block-list\">\n<li>\u274c L&rsquo;Ukraine manquera de financement d\u00e8s mars 2026<\/li>\n\n\n\n<li>\u274c Son \u00e9conomie, d\u00e9j\u00e0 amput\u00e9e d&rsquo;un tiers, s&rsquo;effondrera<\/li>\n\n\n\n<li>\u274c Elle ne pourra acheter les armes n\u00e9cessaires pour tenir<\/li>\n\n\n\n<li>\u274c Poutine gagnera sa guerre d&rsquo;usure<\/li>\n<\/ul>\n\n\n\n<p><strong>Avec ce pr\u00eat :<\/strong><\/p>\n\n\n\n<ul class=\"wp-block-list\">\n<li>\u2705 L&rsquo;Ukraine tient financi\u00e8rement jusqu&rsquo;en 2027-2028<\/li>\n\n\n\n<li>\u2705 Elle peut acheter les munitions et syst\u00e8mes dont elle a besoin, pay\u00e9es par la Russie<\/li>\n\n\n\n<li>\u2705 Poutine, dont le fonds de r\u00e9serve sera \u00e9puis\u00e9 fin 2026, sera forc\u00e9e de c\u00e9der.<\/li>\n\n\n\n<li>\u2705 L&rsquo;agresseur paie \u2013 pas les contribuables europ\u00e9ens.<\/li>\n<\/ul>\n\n\n\n<p><strong>Le rapport de forces \u00e9conomique peut basculer. C&rsquo;est maintenant ou jamais.<\/strong><\/p>\n\n\n\n<figure class=\"wp-block-table\"><table class=\"has-fixed-layout\"><tbody><tr><td><a href=\"https:\/\/9xp1p.r.ah.d.sendibm5.com\/mk\/cl\/f\/sh\/SMK1E8tHeG7uhUMHUFOnCqqhrrO9\/aTOkzfYRI4eY\" target=\"_blank\" rel=\"noreferrer noopener\"><strong>Je signe la p\u00e9tition et je la partagerai autour de moi<\/strong><\/a><\/td><\/tr><\/tbody><\/table><\/figure>\n\n\n\n<p><br><\/p>\n","protected":false},"excerpt":{"rendered":"<p>Signez et partagez notre p\u00e9tition 18 000 signatures en 3 jours.&nbsp;Votre mobilisation massive prouve que les citoyens europ\u00e9ens ne se laisseront pas intimider par les calculs politiciens du Premier ministre belge, &nbsp;Bart De Wever, les menaces russes et les mensonges sur l&rsquo;effondrement apocalyptique de l&rsquo;Eurozone. le 18-19 d\u00e9cembre, le Conseil europ\u00e9en peut d\u00e9bloquer 140 milliards &hellip; <a href=\"https:\/\/maclabi.fr\/index.php\/2025\/12\/16\/pour-que-leurope-donne-a-lukraine-les-moyens-de-la-victoire\/\" class=\"more-link\">Continuer la lecture<span class=\"screen-reader-text\"> de &laquo;&nbsp;pour que l&rsquo;Europe donne \u00e0 l&rsquo;Ukraine les moyens de la victoire&nbsp;&raquo;<\/span><\/a><\/p>\n","protected":false},"author":1,"featured_media":0,"comment_status":"open","ping_status":"open","sticky":false,"template":"","format":"standard","meta":{"footnotes":""},"categories":[10],"tags":[],"class_list":["post-1554","post","type-post","status-publish","format-standard","hentry","category-politique"],"yoast_head":"<!-- This site is optimized with the Yoast SEO plugin v27.5 - https:\/\/yoast.com\/product\/yoast-seo-wordpress\/ -->\n<title>pour que l&#039;Europe donne \u00e0 l&#039;Ukraine les moyens de la victoire - politique<\/title>\n<meta name=\"description\" content=\"Signez et partagez notre p\u00e9tition 18 000 signatures en 3 jours.&nbsp;Votre mobilisation massive prouve que les citoyens europ\u00e9ens ne se laisseront pas\" \/>\n<meta name=\"robots\" content=\"index, follow, max-snippet:-1, max-image-preview:large, max-video-preview:-1\" \/>\n<link rel=\"canonical\" href=\"https:\/\/maclabi.fr\/index.php\/2025\/12\/16\/pour-que-leurope-donne-a-lukraine-les-moyens-de-la-victoire\/\" \/>\n<meta property=\"og:locale\" content=\"fr_FR\" \/>\n<meta property=\"og:type\" content=\"article\" \/>\n<meta property=\"og:title\" content=\"pour que l&#039;Europe donne \u00e0 l&#039;Ukraine les moyens de la victoire - politique\" \/>\n<meta property=\"og:description\" content=\"Signez et partagez notre p\u00e9tition 18 000 signatures en 3 jours.&nbsp;Votre mobilisation massive prouve que les citoyens europ\u00e9ens ne se laisseront pas\" \/>\n<meta property=\"og:url\" content=\"https:\/\/maclabi.fr\/index.php\/2025\/12\/16\/pour-que-leurope-donne-a-lukraine-les-moyens-de-la-victoire\/\" \/>\n<meta property=\"og:site_name\" content=\"Blog citoyen - Changer de monde\" \/>\n<meta property=\"article:published_time\" content=\"2025-12-16T15:43:40+00:00\" \/>\n<meta property=\"article:modified_time\" content=\"2025-12-16T15:43:41+00:00\" \/>\n<meta property=\"og:image\" content=\"https:\/\/maclabi.fr\/wp-content\/uploads\/2025\/12\/Sans-titre.jpg\" \/>\n\t<meta property=\"og:image:width\" content=\"224\" \/>\n\t<meta property=\"og:image:height\" content=\"153\" \/>\n\t<meta property=\"og:image:type\" content=\"image\/jpeg\" \/>\n<meta name=\"author\" content=\"Maurice\" \/>\n<meta name=\"twitter:card\" content=\"summary_large_image\" \/>\n<meta name=\"twitter:label1\" content=\"\u00c9crit par\" \/>\n\t<meta name=\"twitter:data1\" content=\"Maurice\" \/>\n\t<meta name=\"twitter:label2\" content=\"Dur\u00e9e de lecture estim\u00e9e\" \/>\n\t<meta name=\"twitter:data2\" content=\"2 minutes\" \/>\n<script type=\"application\/ld+json\" class=\"yoast-schema-graph\">{\"@context\":\"https:\\\/\\\/schema.org\",\"@graph\":[{\"@type\":\"Article\",\"@id\":\"https:\\\/\\\/maclabi.fr\\\/index.php\\\/2025\\\/12\\\/16\\\/pour-que-leurope-donne-a-lukraine-les-moyens-de-la-victoire\\\/#article\",\"isPartOf\":{\"@id\":\"https:\\\/\\\/maclabi.fr\\\/index.php\\\/2025\\\/12\\\/16\\\/pour-que-leurope-donne-a-lukraine-les-moyens-de-la-victoire\\\/\"},\"author\":{\"name\":\"Maurice\",\"@id\":\"https:\\\/\\\/maclabi.fr\\\/#\\\/schema\\\/person\\\/22f8aff35e6205e5d8493a59eb7bb473\"},\"headline\":\"pour que l&rsquo;Europe donne \u00e0 l&rsquo;Ukraine les moyens de la victoire\",\"datePublished\":\"2025-12-16T15:43:40+00:00\",\"dateModified\":\"2025-12-16T15:43:41+00:00\",\"mainEntityOfPage\":{\"@id\":\"https:\\\/\\\/maclabi.fr\\\/index.php\\\/2025\\\/12\\\/16\\\/pour-que-leurope-donne-a-lukraine-les-moyens-de-la-victoire\\\/\"},\"wordCount\":543,\"commentCount\":0,\"publisher\":{\"@id\":\"https:\\\/\\\/maclabi.fr\\\/#\\\/schema\\\/person\\\/22f8aff35e6205e5d8493a59eb7bb473\"},\"image\":{\"@id\":\"https:\\\/\\\/maclabi.fr\\\/index.php\\\/2025\\\/12\\\/16\\\/pour-que-leurope-donne-a-lukraine-les-moyens-de-la-victoire\\\/#primaryimage\"},\"thumbnailUrl\":\"https:\\\/\\\/maclabi.fr\\\/wp-content\\\/uploads\\\/2025\\\/12\\\/Sans-titre.jpg\",\"articleSection\":[\"politique\"],\"inLanguage\":\"fr-FR\",\"potentialAction\":[{\"@type\":\"CommentAction\",\"name\":\"Comment\",\"target\":[\"https:\\\/\\\/maclabi.fr\\\/index.php\\\/2025\\\/12\\\/16\\\/pour-que-leurope-donne-a-lukraine-les-moyens-de-la-victoire\\\/#respond\"]}]},{\"@type\":\"WebPage\",\"@id\":\"https:\\\/\\\/maclabi.fr\\\/index.php\\\/2025\\\/12\\\/16\\\/pour-que-leurope-donne-a-lukraine-les-moyens-de-la-victoire\\\/\",\"url\":\"https:\\\/\\\/maclabi.fr\\\/index.php\\\/2025\\\/12\\\/16\\\/pour-que-leurope-donne-a-lukraine-les-moyens-de-la-victoire\\\/\",\"name\":\"pour que l'Europe donne \u00e0 l'Ukraine les moyens de la victoire - politique\",\"isPartOf\":{\"@id\":\"https:\\\/\\\/maclabi.fr\\\/#website\"},\"primaryImageOfPage\":{\"@id\":\"https:\\\/\\\/maclabi.fr\\\/index.php\\\/2025\\\/12\\\/16\\\/pour-que-leurope-donne-a-lukraine-les-moyens-de-la-victoire\\\/#primaryimage\"},\"image\":{\"@id\":\"https:\\\/\\\/maclabi.fr\\\/index.php\\\/2025\\\/12\\\/16\\\/pour-que-leurope-donne-a-lukraine-les-moyens-de-la-victoire\\\/#primaryimage\"},\"thumbnailUrl\":\"https:\\\/\\\/maclabi.fr\\\/wp-content\\\/uploads\\\/2025\\\/12\\\/Sans-titre.jpg\",\"datePublished\":\"2025-12-16T15:43:40+00:00\",\"dateModified\":\"2025-12-16T15:43:41+00:00\",\"description\":\"Signez et partagez notre p\u00e9tition 18 000 signatures en 3 jours.&nbsp;Votre mobilisation massive prouve que les citoyens europ\u00e9ens ne se laisseront pas\",\"breadcrumb\":{\"@id\":\"https:\\\/\\\/maclabi.fr\\\/index.php\\\/2025\\\/12\\\/16\\\/pour-que-leurope-donne-a-lukraine-les-moyens-de-la-victoire\\\/#breadcrumb\"},\"inLanguage\":\"fr-FR\",\"potentialAction\":[{\"@type\":\"ReadAction\",\"target\":[\"https:\\\/\\\/maclabi.fr\\\/index.php\\\/2025\\\/12\\\/16\\\/pour-que-leurope-donne-a-lukraine-les-moyens-de-la-victoire\\\/\"]}]},{\"@type\":\"ImageObject\",\"inLanguage\":\"fr-FR\",\"@id\":\"https:\\\/\\\/maclabi.fr\\\/index.php\\\/2025\\\/12\\\/16\\\/pour-que-leurope-donne-a-lukraine-les-moyens-de-la-victoire\\\/#primaryimage\",\"url\":\"https:\\\/\\\/maclabi.fr\\\/wp-content\\\/uploads\\\/2025\\\/12\\\/Sans-titre.jpg\",\"contentUrl\":\"https:\\\/\\\/maclabi.fr\\\/wp-content\\\/uploads\\\/2025\\\/12\\\/Sans-titre.jpg\",\"width\":224,\"height\":153},{\"@type\":\"BreadcrumbList\",\"@id\":\"https:\\\/\\\/maclabi.fr\\\/index.php\\\/2025\\\/12\\\/16\\\/pour-que-leurope-donne-a-lukraine-les-moyens-de-la-victoire\\\/#breadcrumb\",\"itemListElement\":[{\"@type\":\"ListItem\",\"position\":1,\"name\":\"Accueil\",\"item\":\"https:\\\/\\\/maclabi.fr\\\/\"},{\"@type\":\"ListItem\",\"position\":2,\"name\":\"pour que l&rsquo;Europe donne \u00e0 l&rsquo;Ukraine les moyens de la victoire\"}]},{\"@type\":\"WebSite\",\"@id\":\"https:\\\/\\\/maclabi.fr\\\/#website\",\"url\":\"https:\\\/\\\/maclabi.fr\\\/\",\"name\":\"Blog citoyen - Changer de monde\",\"description\":\"Sortir du politiquement correct\",\"publisher\":{\"@id\":\"https:\\\/\\\/maclabi.fr\\\/#\\\/schema\\\/person\\\/22f8aff35e6205e5d8493a59eb7bb473\"},\"potentialAction\":[{\"@type\":\"SearchAction\",\"target\":{\"@type\":\"EntryPoint\",\"urlTemplate\":\"https:\\\/\\\/maclabi.fr\\\/?s={search_term_string}\"},\"query-input\":{\"@type\":\"PropertyValueSpecification\",\"valueRequired\":true,\"valueName\":\"search_term_string\"}}],\"inLanguage\":\"fr-FR\"},{\"@type\":[\"Person\",\"Organization\"],\"@id\":\"https:\\\/\\\/maclabi.fr\\\/#\\\/schema\\\/person\\\/22f8aff35e6205e5d8493a59eb7bb473\",\"name\":\"Maurice\",\"pronouns\":\"il\",\"image\":{\"@type\":\"ImageObject\",\"inLanguage\":\"fr-FR\",\"@id\":\"https:\\\/\\\/secure.gravatar.com\\\/avatar\\\/8c8fde46cf96c88a1c3f545403dc0898a58a125164e99f209dc2b50df4fdfcd5?s=96&d=mm&r=g\",\"url\":\"https:\\\/\\\/secure.gravatar.com\\\/avatar\\\/8c8fde46cf96c88a1c3f545403dc0898a58a125164e99f209dc2b50df4fdfcd5?s=96&d=mm&r=g\",\"contentUrl\":\"https:\\\/\\\/secure.gravatar.com\\\/avatar\\\/8c8fde46cf96c88a1c3f545403dc0898a58a125164e99f209dc2b50df4fdfcd5?s=96&d=mm&r=g\",\"caption\":\"Maurice\"},\"logo\":{\"@id\":\"https:\\\/\\\/secure.gravatar.com\\\/avatar\\\/8c8fde46cf96c88a1c3f545403dc0898a58a125164e99f209dc2b50df4fdfcd5?s=96&d=mm&r=g\"},\"description\":\"Retrait\u00e9, dipl\u00f4m\u00e9 en sciences \u00e9conomiques, j'ai \u00e9t\u00e9 enseignant, chercheur en sciences sociales, syndicaliste, mutualiste militant, chef d'entreprise d\u2019\u00e9conomie sociale. Depuis mes \u00e9tudes je suis int\u00e9ress\u00e9 par l'\u00e9pist\u00e9mologie en sciences sociales et la pluridisciplinarit\u00e9. J'ai cr\u00e9\u00e9 ce blog pour m'exprimer et \u00e9changer avec ceux qui le souhaitent.\",\"url\":\"https:\\\/\\\/maclabi.fr\\\/index.php\\\/author\\\/admin5461\\\/\"}]}<\/script>\n<!-- \/ Yoast SEO plugin. -->","yoast_head_json":{"title":"pour que l'Europe donne \u00e0 l'Ukraine les moyens de la victoire - politique","description":"Signez et partagez notre p\u00e9tition 18 000 signatures en 3 jours.&nbsp;Votre mobilisation massive prouve que les citoyens europ\u00e9ens ne se laisseront pas","robots":{"index":"index","follow":"follow","max-snippet":"max-snippet:-1","max-image-preview":"max-image-preview:large","max-video-preview":"max-video-preview:-1"},"canonical":"https:\/\/maclabi.fr\/index.php\/2025\/12\/16\/pour-que-leurope-donne-a-lukraine-les-moyens-de-la-victoire\/","og_locale":"fr_FR","og_type":"article","og_title":"pour que l'Europe donne \u00e0 l'Ukraine les moyens de la victoire - politique","og_description":"Signez et partagez notre p\u00e9tition 18 000 signatures en 3 jours.&nbsp;Votre mobilisation massive prouve que les citoyens europ\u00e9ens ne se laisseront pas","og_url":"https:\/\/maclabi.fr\/index.php\/2025\/12\/16\/pour-que-leurope-donne-a-lukraine-les-moyens-de-la-victoire\/","og_site_name":"Blog citoyen - Changer de monde","article_published_time":"2025-12-16T15:43:40+00:00","article_modified_time":"2025-12-16T15:43:41+00:00","og_image":[{"width":224,"height":153,"url":"https:\/\/maclabi.fr\/wp-content\/uploads\/2025\/12\/Sans-titre.jpg","type":"image\/jpeg"}],"author":"Maurice","twitter_card":"summary_large_image","twitter_misc":{"\u00c9crit par":"Maurice","Dur\u00e9e de lecture estim\u00e9e":"2 minutes"},"schema":{"@context":"https:\/\/schema.org","@graph":[{"@type":"Article","@id":"https:\/\/maclabi.fr\/index.php\/2025\/12\/16\/pour-que-leurope-donne-a-lukraine-les-moyens-de-la-victoire\/#article","isPartOf":{"@id":"https:\/\/maclabi.fr\/index.php\/2025\/12\/16\/pour-que-leurope-donne-a-lukraine-les-moyens-de-la-victoire\/"},"author":{"name":"Maurice","@id":"https:\/\/maclabi.fr\/#\/schema\/person\/22f8aff35e6205e5d8493a59eb7bb473"},"headline":"pour que l&rsquo;Europe donne \u00e0 l&rsquo;Ukraine les moyens de la victoire","datePublished":"2025-12-16T15:43:40+00:00","dateModified":"2025-12-16T15:43:41+00:00","mainEntityOfPage":{"@id":"https:\/\/maclabi.fr\/index.php\/2025\/12\/16\/pour-que-leurope-donne-a-lukraine-les-moyens-de-la-victoire\/"},"wordCount":543,"commentCount":0,"publisher":{"@id":"https:\/\/maclabi.fr\/#\/schema\/person\/22f8aff35e6205e5d8493a59eb7bb473"},"image":{"@id":"https:\/\/maclabi.fr\/index.php\/2025\/12\/16\/pour-que-leurope-donne-a-lukraine-les-moyens-de-la-victoire\/#primaryimage"},"thumbnailUrl":"https:\/\/maclabi.fr\/wp-content\/uploads\/2025\/12\/Sans-titre.jpg","articleSection":["politique"],"inLanguage":"fr-FR","potentialAction":[{"@type":"CommentAction","name":"Comment","target":["https:\/\/maclabi.fr\/index.php\/2025\/12\/16\/pour-que-leurope-donne-a-lukraine-les-moyens-de-la-victoire\/#respond"]}]},{"@type":"WebPage","@id":"https:\/\/maclabi.fr\/index.php\/2025\/12\/16\/pour-que-leurope-donne-a-lukraine-les-moyens-de-la-victoire\/","url":"https:\/\/maclabi.fr\/index.php\/2025\/12\/16\/pour-que-leurope-donne-a-lukraine-les-moyens-de-la-victoire\/","name":"pour que l'Europe donne \u00e0 l'Ukraine les moyens de la victoire - politique","isPartOf":{"@id":"https:\/\/maclabi.fr\/#website"},"primaryImageOfPage":{"@id":"https:\/\/maclabi.fr\/index.php\/2025\/12\/16\/pour-que-leurope-donne-a-lukraine-les-moyens-de-la-victoire\/#primaryimage"},"image":{"@id":"https:\/\/maclabi.fr\/index.php\/2025\/12\/16\/pour-que-leurope-donne-a-lukraine-les-moyens-de-la-victoire\/#primaryimage"},"thumbnailUrl":"https:\/\/maclabi.fr\/wp-content\/uploads\/2025\/12\/Sans-titre.jpg","datePublished":"2025-12-16T15:43:40+00:00","dateModified":"2025-12-16T15:43:41+00:00","description":"Signez et partagez notre p\u00e9tition 18 000 signatures en 3 jours.&nbsp;Votre mobilisation massive prouve que les citoyens europ\u00e9ens ne se laisseront pas","breadcrumb":{"@id":"https:\/\/maclabi.fr\/index.php\/2025\/12\/16\/pour-que-leurope-donne-a-lukraine-les-moyens-de-la-victoire\/#breadcrumb"},"inLanguage":"fr-FR","potentialAction":[{"@type":"ReadAction","target":["https:\/\/maclabi.fr\/index.php\/2025\/12\/16\/pour-que-leurope-donne-a-lukraine-les-moyens-de-la-victoire\/"]}]},{"@type":"ImageObject","inLanguage":"fr-FR","@id":"https:\/\/maclabi.fr\/index.php\/2025\/12\/16\/pour-que-leurope-donne-a-lukraine-les-moyens-de-la-victoire\/#primaryimage","url":"https:\/\/maclabi.fr\/wp-content\/uploads\/2025\/12\/Sans-titre.jpg","contentUrl":"https:\/\/maclabi.fr\/wp-content\/uploads\/2025\/12\/Sans-titre.jpg","width":224,"height":153},{"@type":"BreadcrumbList","@id":"https:\/\/maclabi.fr\/index.php\/2025\/12\/16\/pour-que-leurope-donne-a-lukraine-les-moyens-de-la-victoire\/#breadcrumb","itemListElement":[{"@type":"ListItem","position":1,"name":"Accueil","item":"https:\/\/maclabi.fr\/"},{"@type":"ListItem","position":2,"name":"pour que l&rsquo;Europe donne \u00e0 l&rsquo;Ukraine les moyens de la victoire"}]},{"@type":"WebSite","@id":"https:\/\/maclabi.fr\/#website","url":"https:\/\/maclabi.fr\/","name":"Blog citoyen - Changer de monde","description":"Sortir du politiquement correct","publisher":{"@id":"https:\/\/maclabi.fr\/#\/schema\/person\/22f8aff35e6205e5d8493a59eb7bb473"},"potentialAction":[{"@type":"SearchAction","target":{"@type":"EntryPoint","urlTemplate":"https:\/\/maclabi.fr\/?s={search_term_string}"},"query-input":{"@type":"PropertyValueSpecification","valueRequired":true,"valueName":"search_term_string"}}],"inLanguage":"fr-FR"},{"@type":["Person","Organization"],"@id":"https:\/\/maclabi.fr\/#\/schema\/person\/22f8aff35e6205e5d8493a59eb7bb473","name":"Maurice","pronouns":"il","image":{"@type":"ImageObject","inLanguage":"fr-FR","@id":"https:\/\/secure.gravatar.com\/avatar\/8c8fde46cf96c88a1c3f545403dc0898a58a125164e99f209dc2b50df4fdfcd5?s=96&d=mm&r=g","url":"https:\/\/secure.gravatar.com\/avatar\/8c8fde46cf96c88a1c3f545403dc0898a58a125164e99f209dc2b50df4fdfcd5?s=96&d=mm&r=g","contentUrl":"https:\/\/secure.gravatar.com\/avatar\/8c8fde46cf96c88a1c3f545403dc0898a58a125164e99f209dc2b50df4fdfcd5?s=96&d=mm&r=g","caption":"Maurice"},"logo":{"@id":"https:\/\/secure.gravatar.com\/avatar\/8c8fde46cf96c88a1c3f545403dc0898a58a125164e99f209dc2b50df4fdfcd5?s=96&d=mm&r=g"},"description":"Retrait\u00e9, dipl\u00f4m\u00e9 en sciences \u00e9conomiques, j'ai \u00e9t\u00e9 enseignant, chercheur en sciences sociales, syndicaliste, mutualiste militant, chef d'entreprise d\u2019\u00e9conomie sociale. Depuis mes \u00e9tudes je suis int\u00e9ress\u00e9 par l'\u00e9pist\u00e9mologie en sciences sociales et la pluridisciplinarit\u00e9. J'ai cr\u00e9\u00e9 ce blog pour m'exprimer et \u00e9changer avec ceux qui le souhaitent.","url":"https:\/\/maclabi.fr\/index.php\/author\/admin5461\/"}]}},"_links":{"self":[{"href":"https:\/\/maclabi.fr\/index.php\/wp-json\/wp\/v2\/posts\/1554","targetHints":{"allow":["GET"]}}],"collection":[{"href":"https:\/\/maclabi.fr\/index.php\/wp-json\/wp\/v2\/posts"}],"about":[{"href":"https:\/\/maclabi.fr\/index.php\/wp-json\/wp\/v2\/types\/post"}],"author":[{"embeddable":true,"href":"https:\/\/maclabi.fr\/index.php\/wp-json\/wp\/v2\/users\/1"}],"replies":[{"embeddable":true,"href":"https:\/\/maclabi.fr\/index.php\/wp-json\/wp\/v2\/comments?post=1554"}],"version-history":[{"count":2,"href":"https:\/\/maclabi.fr\/index.php\/wp-json\/wp\/v2\/posts\/1554\/revisions"}],"predecessor-version":[{"id":1559,"href":"https:\/\/maclabi.fr\/index.php\/wp-json\/wp\/v2\/posts\/1554\/revisions\/1559"}],"wp:attachment":[{"href":"https:\/\/maclabi.fr\/index.php\/wp-json\/wp\/v2\/media?parent=1554"}],"wp:term":[{"taxonomy":"category","embeddable":true,"href":"https:\/\/maclabi.fr\/index.php\/wp-json\/wp\/v2\/categories?post=1554"},{"taxonomy":"post_tag","embeddable":true,"href":"https:\/\/maclabi.fr\/index.php\/wp-json\/wp\/v2\/tags?post=1554"}],"curies":[{"name":"wp","href":"https:\/\/api.w.org\/{rel}","templated":true}]}}