{"id":1533,"date":"2025-12-08T17:42:17","date_gmt":"2025-12-08T16:42:17","guid":{"rendered":"https:\/\/maclabi.fr\/?p=1533"},"modified":"2025-12-08T17:55:49","modified_gmt":"2025-12-08T16:55:49","slug":"regard-citoyen","status":"publish","type":"post","link":"https:\/\/maclabi.fr\/index.php\/2025\/12\/08\/regard-citoyen\/","title":{"rendered":"REGARD CITOYEN"},"content":{"rendered":"\n<p>En 2024 plus d\u2019un milliard d\u2019adultes sont all\u00e9s voter dans le monde, aux \u00c9tats Unis, en Inde, au Br\u00e9sil, au Royaume uni, et dans les 27 pays de l\u2019Union Europ\u00e9enne. Les r\u00e9sultats r\u00e9v\u00e8lent des \u00e9lectorats en col\u00e8re, un mouvement historique de \u00ab&nbsp;sortez les sortants&nbsp;\u00bb. Une vague de d\u00e9gagisme qui a pris la forme de proc\u00e8s des \u00e9lites. La mont\u00e9e continue des mouvements protestataires n\u2019annon\u00e7ait pas pour 2025 une ann\u00e9e du redressement d\u00e9mocratique. L\u2019arriv\u00e9e de la nouvelle administration \u00e9tatsunienne a contribu\u00e9 \u00e0 une aggravation de la situation dans plusieurs endroits du monde.<\/p>\n\n\n\n<h5 class=\"wp-block-heading\">En Isra\u00ebl<\/h5>\n\n\n\n<p>Personne ne peut avoir oubli\u00e9 l\u2019horreur et l\u2019ampleur des massacres commis le 7 octobre 2023 par le Hamas ni contester le droit de l\u2019\u00c9tat isra\u00e9lien \u00e0 se d\u00e9fendre. Mais apr\u00e8s deux ans de guerre la situation a pris une autre dimension.<\/p>\n\n\n<div class=\"wp-block-image\">\n<figure class=\"aligncenter size-large is-resized\"><img loading=\"lazy\" decoding=\"async\" width=\"1024\" height=\"681\" src=\"https:\/\/maclabi.fr\/wp-content\/uploads\/2025\/12\/jerusalem-953226_12801-1024x681.jpg\" alt=\"\" class=\"wp-image-1534\" style=\"aspect-ratio:1.5036995491197274;width:322px;height:auto\" srcset=\"https:\/\/maclabi.fr\/wp-content\/uploads\/2025\/12\/jerusalem-953226_12801-1024x681.jpg 1024w, https:\/\/maclabi.fr\/wp-content\/uploads\/2025\/12\/jerusalem-953226_12801-300x199.jpg 300w, https:\/\/maclabi.fr\/wp-content\/uploads\/2025\/12\/jerusalem-953226_12801-768x511.jpg 768w, https:\/\/maclabi.fr\/wp-content\/uploads\/2025\/12\/jerusalem-953226_12801-1200x798.jpg 1200w, https:\/\/maclabi.fr\/wp-content\/uploads\/2025\/12\/jerusalem-953226_12801.jpg 1280w\" sizes=\"auto, (max-width: 709px) 85vw, (max-width: 909px) 67vw, (max-width: 1362px) 62vw, 840px\" \/><\/figure>\n<\/div>\n\n\n<p>Le gouvernement de l\u2019\u00c9tat h\u00e9breu, domin\u00e9 par les factions religieuses nationalistes et supr\u00e9macistes, soutenu par l\u2019administration am\u00e9ricaine, bombarde et affame deux millions de palestiniens \u00e9puis\u00e9s. Les d\u00e9nominations de g\u00e9nocide, de crime contre l\u2019humanit\u00e9, de violation du droit humanitaire peuvent \u00eatre discut\u00e9s mais la r\u00e9alit\u00e9 est l\u00e0. La vie de millions d\u2019hommes, de femmes et d\u2019enfants est en jeu. Un \u00c9tat membre des Nations unies, r\u00e9put\u00e9 mod\u00e8le de d\u00e9mocratie, ne respecte plus aucune des r\u00e8gles internationales, ni aucun principe moral religieux ou humain, pour imposer une solution radicale \u00e0 la \u00ab&nbsp;question palestinienne&nbsp;\u00bb.<\/p>\n\n\n<div class=\"wp-block-image\">\n<figure class=\"aligncenter size-full is-resized\"><img loading=\"lazy\" decoding=\"async\" width=\"474\" height=\"315\" src=\"https:\/\/maclabi.fr\/wp-content\/uploads\/2025\/12\/gaza-2.webp\" alt=\"\" class=\"wp-image-1545\" style=\"aspect-ratio:1.777735983492865;width:362px;height:auto\" srcset=\"https:\/\/maclabi.fr\/wp-content\/uploads\/2025\/12\/gaza-2.webp 474w, https:\/\/maclabi.fr\/wp-content\/uploads\/2025\/12\/gaza-2-300x199.webp 300w\" sizes=\"auto, (max-width: 474px) 85vw, 474px\" \/><\/figure>\n<\/div>\n\n\n<p>Jug\u00e9 depuis 2020 pour corruption, fraude et abus de confiance, le premier ministre isra\u00e9lien n\u2019h\u00e9site pas, appuy\u00e9 par le pr\u00e9sident am\u00e9ricain, \u00e0 demander une gr\u00e2ce au chef de l\u2019\u00c9tat avant m\u00eame que le jugement ne soit rendu, gr\u00e2ce qui serait la bienvenue pour lui dans la perspective des \u00e9lections l\u00e9gislatives. Le pouvoir autoritaire est sans vergogne.<\/p>\n\n\n\n<h5 class=\"wp-block-heading\"><strong>En Ukraine<\/strong><\/h5>\n\n\n\n<p>D\u00e8s son \u00e9lection le pr\u00e9sident am\u00e9ricain a modifi\u00e9 son syst\u00e8me d\u2019alliance. Il annonce ne plus soutenir l\u2019\u00c9tat Ukrainien et se pr\u00e9sente en grand faiseur de paix aspirant \u00e0 obtenir le prix Nobel de la paix. Il semble plus proche des th\u00e8ses russes que des positions ukrainiennes. Il place les bellig\u00e9rants sur un m\u00eame plan oubliant que l\u2019Ukraine est un pays ind\u00e9pendant qui a \u00e9t\u00e9 agress\u00e9 par un de ses voisins. Les garanties internationales donn\u00e9es \u00e0 l\u2019Ukraine sur son int\u00e9grit\u00e9 territoriale ne sont plus \u00e0 l\u2019ordre du jour. &nbsp;<\/p>\n\n\n<div class=\"wp-block-image\">\n<figure class=\"aligncenter size-full is-resized\"><img loading=\"lazy\" decoding=\"async\" width=\"474\" height=\"266\" src=\"https:\/\/maclabi.fr\/wp-content\/uploads\/2025\/12\/nego-us-russie.webp\" alt=\"\" class=\"wp-image-1536\" style=\"width:358px;height:auto\" srcset=\"https:\/\/maclabi.fr\/wp-content\/uploads\/2025\/12\/nego-us-russie.webp 474w, https:\/\/maclabi.fr\/wp-content\/uploads\/2025\/12\/nego-us-russie-300x168.webp 300w\" sizes=\"auto, (max-width: 474px) 85vw, 474px\" \/><\/figure>\n<\/div>\n\n\n<p>Pour inciter le pr\u00e9sident russe \u00e0 accepter un cess\u00e9 le feu, il va jusqu\u2019\u00e0 lui promettre l\u2019amnistie ainsi qu\u2019\u00e0 tous ceux qui pourraient encourir des accusations de crimes contre l\u2019humanit\u00e9. Oubli\u00e9s les massacres, les destructions massives, les villes enti\u00e8res r\u00e9duites \u00e0 l\u2019\u00e9tat de parking, les bombardements de civils, la d\u00e9portation d\u2019enfants, la russification forc\u00e9e dans les territoires occup\u00e9s, le chantage \u00e0 l\u2019utilisation de sa puissance nucl\u00e9aire \u2026 Accepter l\u2019annexion de territoires en violation du droit international c\u2019est cr\u00e9er un pr\u00e9c\u00e9dent qui pourra \u00eatre utilis\u00e9 par d\u2019autres.<\/p>\n\n\n<div class=\"wp-block-image\">\n<figure class=\"aligncenter size-full is-resized\"><img loading=\"lazy\" decoding=\"async\" width=\"474\" height=\"266\" src=\"https:\/\/maclabi.fr\/wp-content\/uploads\/2025\/12\/ukraine.webp\" alt=\"\" class=\"wp-image-1538\" style=\"aspect-ratio:1.7819759465084604;width:383px;height:auto\" srcset=\"https:\/\/maclabi.fr\/wp-content\/uploads\/2025\/12\/ukraine.webp 474w, https:\/\/maclabi.fr\/wp-content\/uploads\/2025\/12\/ukraine-300x168.webp 300w\" sizes=\"auto, (max-width: 474px) 85vw, 474px\" \/><\/figure>\n<\/div>\n\n\n<p>Le pouvoir am\u00e9ricain n\u2019a pas compris que la Russie veut reconstituer son empire et que rien ne pourra l\u2019arr\u00eater. Il suffit pour cela de lire les discours poutiniens qui n\u2019ont pas chang\u00e9 depuis le d\u00e9part de l\u2019agression. La Russie a le temps, le m\u00e9pris de la mort de ses combattants, la masse et pour l\u2019instant les moyens financiers de tenir.<\/p>\n\n\n\n<h5 class=\"wp-block-heading\"><strong>Aux \u00c9tats-Unis<\/strong><\/h5>\n\n\n\n<p>Le pr\u00e9sident, fort de sa confortable \u00e9lection, n\u2019h\u00e9site pas, en interne, \u00e0 mettre en cause l\u2019\u00e9tat de droit, expulser massivement les \u00e9migr\u00e9s au m\u00e9pris de toute r\u00e8gle humanitaire, organiser des camps de r\u00e9tention, menacer tous ceux qui se sont oppos\u00e9s \u00e0 lui, \u00e0 pousser ses soutiens \u00e0 modifier \u00e0 leur avantage les r\u00e8gles \u00e9lectorales.<\/p>\n\n\n\n<p>Au niveau international il impose des droits de douane exorbitants, modifie unilat\u00e9ralement les r\u00e8gles de la diplomatie, pratique l\u2019humiliation de ses interlocuteurs, m\u00e9prise le droit international, change son syst\u00e8me d\u2019alliance, se propose d\u2019annexer des territoires et manifeste le droit d\u2019imposer la paix par la force. Ces exemples ne sont pas exhaustifs.<\/p>\n\n\n<div class=\"wp-block-image\">\n<figure class=\"aligncenter size-full is-resized\"><img loading=\"lazy\" decoding=\"async\" width=\"474\" height=\"317\" src=\"https:\/\/maclabi.fr\/wp-content\/uploads\/2025\/12\/j-D-vance.webp\" alt=\"\" class=\"wp-image-1539\" style=\"width:334px;height:auto\" srcset=\"https:\/\/maclabi.fr\/wp-content\/uploads\/2025\/12\/j-D-vance.webp 474w, https:\/\/maclabi.fr\/wp-content\/uploads\/2025\/12\/j-D-vance-300x201.webp 300w\" sizes=\"auto, (max-width: 474px) 85vw, 474px\" \/><\/figure>\n<\/div>\n\n\n<p>Le pr\u00e9sident am\u00e9ricain voudrait que la pax americana soit r\u00e9compens\u00e9e par des versements du reste du monde de fa\u00e7on \u00e0 financer ses d\u00e9ficits. Ces soubresauts ne sont-ils pas, en r\u00e9alit\u00e9, l\u2019indication que les \u00c9tats Unis sont en train de perdre le contr\u00f4le du monde.<\/p>\n\n\n\n<div class=\"wp-block-group is-nowrap is-layout-flex wp-container-core-group-is-layout-ad2f72ca wp-block-group-is-layout-flex\">\n<p>La derni\u00e8re publication de la strat\u00e9gie de s\u00e9curit\u00e9 nationale par la maison blanche pr\u00e9dit \u00e0 l\u2019Europe un effacement civilisationnel qui sera provoqu\u00e9e par la chute de la natalit\u00e9, la perte des identit\u00e9s nationales, la r\u00e9pression des oppositions politiques, la censure de la libert\u00e9 d\u2019expression, l\u2019asphyxie r\u00e9gulatoire, la d\u00e9sindustrialisation et l\u2019immigration. C\u2019est une confirmation du discours du vice-pr\u00e9sident am\u00e9ricain \u00e0 Munich et l\u2019affirmation du soutien \u00e0 l\u2019extr\u00eame droite europ\u00e9enne.<\/p>\n<\/div>\n\n\n\n<h5 class=\"wp-block-heading\"><strong>L\u2019O.N.U.<\/strong><\/h5>\n\n\n\n<p>L\u2019Organisation des Nations Unis a \u00e9t\u00e9 cr\u00e9\u00e9e apr\u00e8s la seconde guerre mondiale avec l\u2019id\u00e9e d\u2019\u00e9viter le renouvellement d\u2019un conflit mondial. Depuis quelques ann\u00e9es cette institution est affaiblie par des membres du conseil de s\u00e9curit\u00e9, \u00c9tats Unis, Russie, et Chine qui privil\u00e9gient leurs int\u00e9r\u00eats propres et pr\u00e9f\u00e8rent les relations bilat\u00e9rales au multilat\u00e9ralisme.<\/p>\n\n\n<div class=\"wp-block-image\">\n<figure class=\"aligncenter size-full is-resized\"><img loading=\"lazy\" decoding=\"async\" width=\"640\" height=\"360\" src=\"https:\/\/maclabi.fr\/wp-content\/uploads\/2020\/11\/un-4984799_640.jpg\" alt=\"\" class=\"wp-image-585\" style=\"aspect-ratio:1.777735983492865;width:362px;height:auto\" srcset=\"https:\/\/maclabi.fr\/wp-content\/uploads\/2020\/11\/un-4984799_640.jpg 640w, https:\/\/maclabi.fr\/wp-content\/uploads\/2020\/11\/un-4984799_640-300x169.jpg 300w\" sizes=\"auto, (max-width: 709px) 85vw, (max-width: 909px) 67vw, (max-width: 984px) 61vw, (max-width: 1362px) 45vw, 600px\" \/><\/figure>\n<\/div>\n\n\n<p>L\u2019envergure mondiale des diff\u00e9rentes crises auxquelles nous sommes confront\u00e9es rend n\u00e9cessaire, m\u00eame si cela apparait compl\u00e8tement utopique, au moins une concertation de l\u2019ensemble des pays de la plan\u00e8te. La r\u00e9forme en profondeur du seul embryon de gouvernance mondiale existant aujourd\u2019hui, l\u2019ONU, semble indispensable. Il reste la seule institution l\u00e9gitime malgr\u00e9 ses faiblesses pour \u00e9tablir un v\u00e9ritable dialogue et affronter les probl\u00e8mes qui se posent au monde dans un cadre universel d\u00e9mocratique et r\u00e9nov\u00e9.<\/p>\n\n\n\n<h5 class=\"wp-block-heading\"><strong>L\u2019Europe<\/strong><\/h5>\n\n\n\n<p>Au lendemain de la seconde guerre mondiale diff\u00e9rents pays europ\u00e9ens ont d\u00e9cid\u00e9 de se regrouper, de s\u2019associer, de se solidariser pour tenter d\u2019\u00e9viter de nouvelles guerres et pour, ensemble, peser plus dans les rapports de force mondiaux. Les fondateurs devant la difficult\u00e9 de l\u2019entreprise ont opt\u00e9 pour la politique des petits pas&nbsp;: d\u2019abord \u00e0 6 et, par augmentation successives, pour finir \u00e0 27 pays (28- 1) au sein de l\u2019Union Europ\u00e9enne en 2025.<\/p>\n\n\n<div class=\"wp-block-image\">\n<figure class=\"aligncenter size-full is-resized\"><img loading=\"lazy\" decoding=\"async\" width=\"943\" height=\"625\" src=\"https:\/\/maclabi.fr\/wp-content\/uploads\/2021\/04\/Sans-titre.png\" alt=\"\" class=\"wp-image-720\" style=\"aspect-ratio:1.5088013852664008;width:329px;height:auto\" srcset=\"https:\/\/maclabi.fr\/wp-content\/uploads\/2021\/04\/Sans-titre.png 943w, https:\/\/maclabi.fr\/wp-content\/uploads\/2021\/04\/Sans-titre-300x199.png 300w, https:\/\/maclabi.fr\/wp-content\/uploads\/2021\/04\/Sans-titre-768x509.png 768w\" sizes=\"auto, (max-width: 709px) 85vw, (max-width: 909px) 67vw, (max-width: 1362px) 62vw, 840px\" \/><\/figure>\n<\/div>\n\n\n<p>Aujourd\u2019hui le continent europ\u00e9en est le seul qui reste encore plus ou moins fid\u00e8le \u00e0 l\u2019h\u00e9ritage des Lumi\u00e8res, le respect des droits humains, la culture humaniste et la primaut\u00e9 de l\u2019universel sur le diff\u00e9rentialisme. Mais les derni\u00e8res \u00e9volutions, avec la mont\u00e9e des identitarismes de tous poils, nous incitent \u00e0 nous demander pour combien de temps encore.<\/p>\n\n\n<div class=\"wp-block-image\">\n<figure class=\"aligncenter size-full is-resized\"><img loading=\"lazy\" decoding=\"async\" width=\"474\" height=\"269\" src=\"https:\/\/maclabi.fr\/wp-content\/uploads\/2025\/12\/empires-2.webp\" alt=\"\" class=\"wp-image-1541\" style=\"width:336px;height:auto\" srcset=\"https:\/\/maclabi.fr\/wp-content\/uploads\/2025\/12\/empires-2.webp 474w, https:\/\/maclabi.fr\/wp-content\/uploads\/2025\/12\/empires-2-300x170.webp 300w\" sizes=\"auto, (max-width: 474px) 85vw, 474px\" \/><\/figure>\n<\/div>\n\n\n<p>Face \u00e0 la r\u00e9affirmation des empires, au changement de strat\u00e9gie de la premi\u00e8re puissance politique, \u00e9conomique, technologique et militaire, si l\u2019Europe ne se ressaisie pas en solidifiant son unit\u00e9 et en s\u2019affirmant comme puissance capable d\u2019assurer sa d\u00e9fense sur la sc\u00e8ne mondiale, elle risque d\u2019\u00eatre absorb\u00e9e par l\u2019un ou l\u2019autre de ces puissants empires. Seul, chaque pays europ\u00e9en ne p\u00e8se rien. Ensemble, \u00e0 condition de laisser les \u00e9go\u00efsmes nationaux de c\u00f4t\u00e9, ils ont une chance d\u2019\u00eatre respect\u00e9s.<\/p>\n\n\n\n<h5 class=\"wp-block-heading\"><strong>Pour conclure<\/strong><\/h5>\n\n\n\n<p>Le chaos du monde est chaque jour en train de s\u2019amplifier. Cela n\u2019a jamais \u00e9t\u00e9 aussi grave.&nbsp; Cette vision de la situation mondiale n\u2019est-elle pas trop pessimiste&nbsp;?<\/p>\n\n\n<div class=\"wp-block-image\">\n<figure class=\"aligncenter size-full is-resized\"><img loading=\"lazy\" decoding=\"async\" width=\"474\" height=\"316\" src=\"https:\/\/maclabi.fr\/wp-content\/uploads\/2025\/12\/carrere.webp\" alt=\"\" class=\"wp-image-1543\" style=\"width:305px;height:auto\" srcset=\"https:\/\/maclabi.fr\/wp-content\/uploads\/2025\/12\/carrere.webp 474w, https:\/\/maclabi.fr\/wp-content\/uploads\/2025\/12\/carrere-300x200.webp 300w\" sizes=\"auto, (max-width: 474px) 85vw, 474px\" \/><\/figure>\n<\/div>\n\n\n<p>Selon Emmanuel Carr\u00e8re, \u00e9crivain, dans la lettre du dimanche du 6 d\u00e9cembre dans la revue num\u00e9rique \u00ab&nbsp;Le Grand Continent&nbsp;\u00bb, il y a deux fa\u00e7ons de voir les choses&nbsp;: une relativement optimiste et l\u2019autre radicalement pessimiste.<\/p>\n\n\n\n<p>Pour les optimistes \u00ab&nbsp;l\u2019humanit\u00e9 traverse une phase de chaos tragique et effrayant mais cela lui est d\u00e9j\u00e0 arriv\u00e9 dans son histoire et elle la traversera.&nbsp;\u00bb<\/p>\n\n\n\n<p>Pour les pessimistes \u00ab&nbsp;un tel chaos, \u00e7a n\u2019est jamais arriv\u00e9, et \u00e7a n\u2019est pas une phase, c\u2019est la fin.&nbsp;\u00bb<\/p>\n\n\n<div class=\"wp-block-image\">\n<figure class=\"aligncenter size-full is-resized\"><img loading=\"lazy\" decoding=\"async\" width=\"474\" height=\"266\" src=\"https:\/\/maclabi.fr\/wp-content\/uploads\/2025\/12\/le-grand-continent.webp\" alt=\"\" class=\"wp-image-1542\" style=\"aspect-ratio:1.7819217537529468;width:382px;height:auto\" srcset=\"https:\/\/maclabi.fr\/wp-content\/uploads\/2025\/12\/le-grand-continent.webp 474w, https:\/\/maclabi.fr\/wp-content\/uploads\/2025\/12\/le-grand-continent-300x168.webp 300w\" sizes=\"auto, (max-width: 474px) 85vw, 474px\" \/><\/figure>\n<\/div>\n\n\n<p>Pour l\u2019\u00e9crivain \u00ab&nbsp;le principal et, \u00e0 son avis le seul, argument en faveur de l\u2019approche relativement optimiste consiste \u00e0 dire que depuis l\u2019aube de l\u2019humanit\u00e9, il s\u2019est toujours trouv\u00e9 des gens pour dire que c\u2019\u00e9tait mieux avant et que la fin du monde \u00e9tait imminente.&nbsp;\u00bb<\/p>\n\n\n\n<p>Je ne sais pas vous, mais pour ma part, m\u00eame si je suis assailli par des sentiments pessimistes, j\u2019ai du mal \u00e0 ne pas me rallier \u00e0 l\u2019id\u00e9e que, dans l\u2019histoire, l\u2019humanit\u00e9 a toujours r\u00e9ussi \u00e0 surmonter les obstacles, m\u00eame avec beaucoup de difficult\u00e9s et de temps.<\/p>\n","protected":false},"excerpt":{"rendered":"<p>En 2024 plus d\u2019un milliard d\u2019adultes sont all\u00e9s voter dans le monde, aux \u00c9tats Unis, en Inde, au Br\u00e9sil, au Royaume uni, et dans les 27 pays de l\u2019Union Europ\u00e9enne. Les r\u00e9sultats r\u00e9v\u00e8lent des \u00e9lectorats en col\u00e8re, un mouvement historique de \u00ab&nbsp;sortez les sortants&nbsp;\u00bb. Une vague de d\u00e9gagisme qui a pris la forme de proc\u00e8s &hellip; <a href=\"https:\/\/maclabi.fr\/index.php\/2025\/12\/08\/regard-citoyen\/\" class=\"more-link\">Continuer la lecture<span class=\"screen-reader-text\"> de &laquo;&nbsp;REGARD CITOYEN&nbsp;&raquo;<\/span><\/a><\/p>\n","protected":false},"author":1,"featured_media":0,"comment_status":"open","ping_status":"open","sticky":false,"template":"","format":"standard","meta":{"footnotes":""},"categories":[10],"tags":[],"class_list":["post-1533","post","type-post","status-publish","format-standard","hentry","category-politique"],"yoast_head":"<!-- This site is optimized with the Yoast SEO plugin v27.4 - https:\/\/yoast.com\/product\/yoast-seo-wordpress\/ -->\n<title>REGARD CITOYEN - politique<\/title>\n<meta name=\"description\" content=\"En 2024 plus d\u2019un milliard d\u2019adultes sont all\u00e9s voter dans le monde, aux \u00c9tats Unis, en Inde, au Br\u00e9sil, au Royaume uni, et dans les 27 pays de l\u2019Union\" \/>\n<meta name=\"robots\" content=\"index, follow, max-snippet:-1, max-image-preview:large, max-video-preview:-1\" \/>\n<link rel=\"canonical\" href=\"https:\/\/maclabi.fr\/index.php\/2025\/12\/08\/regard-citoyen\/\" \/>\n<meta property=\"og:locale\" content=\"fr_FR\" \/>\n<meta property=\"og:type\" content=\"article\" \/>\n<meta property=\"og:title\" content=\"REGARD CITOYEN - politique\" \/>\n<meta property=\"og:description\" content=\"En 2024 plus d\u2019un milliard d\u2019adultes sont all\u00e9s voter dans le monde, aux \u00c9tats Unis, en Inde, au Br\u00e9sil, au Royaume uni, et dans les 27 pays de l\u2019Union\" \/>\n<meta property=\"og:url\" content=\"https:\/\/maclabi.fr\/index.php\/2025\/12\/08\/regard-citoyen\/\" \/>\n<meta property=\"og:site_name\" content=\"Blog citoyen - Changer de monde\" \/>\n<meta property=\"article:published_time\" content=\"2025-12-08T16:42:17+00:00\" \/>\n<meta property=\"article:modified_time\" content=\"2025-12-08T16:55:49+00:00\" \/>\n<meta property=\"og:image\" content=\"https:\/\/maclabi.fr\/wp-content\/uploads\/2025\/12\/jerusalem-953226_12801.jpg\" \/>\n\t<meta property=\"og:image:width\" content=\"1280\" \/>\n\t<meta property=\"og:image:height\" content=\"851\" \/>\n\t<meta property=\"og:image:type\" content=\"image\/jpeg\" \/>\n<meta name=\"author\" content=\"Maurice\" \/>\n<meta name=\"twitter:card\" content=\"summary_large_image\" \/>\n<meta name=\"twitter:label1\" content=\"\u00c9crit par\" \/>\n\t<meta name=\"twitter:data1\" content=\"Maurice\" \/>\n\t<meta name=\"twitter:label2\" content=\"Dur\u00e9e de lecture estim\u00e9e\" \/>\n\t<meta name=\"twitter:data2\" content=\"9 minutes\" \/>\n<script type=\"application\/ld+json\" class=\"yoast-schema-graph\">{\"@context\":\"https:\\\/\\\/schema.org\",\"@graph\":[{\"@type\":\"Article\",\"@id\":\"https:\\\/\\\/maclabi.fr\\\/index.php\\\/2025\\\/12\\\/08\\\/regard-citoyen\\\/#article\",\"isPartOf\":{\"@id\":\"https:\\\/\\\/maclabi.fr\\\/index.php\\\/2025\\\/12\\\/08\\\/regard-citoyen\\\/\"},\"author\":{\"name\":\"Maurice\",\"@id\":\"https:\\\/\\\/maclabi.fr\\\/#\\\/schema\\\/person\\\/22f8aff35e6205e5d8493a59eb7bb473\"},\"headline\":\"REGARD CITOYEN\",\"datePublished\":\"2025-12-08T16:42:17+00:00\",\"dateModified\":\"2025-12-08T16:55:49+00:00\",\"mainEntityOfPage\":{\"@id\":\"https:\\\/\\\/maclabi.fr\\\/index.php\\\/2025\\\/12\\\/08\\\/regard-citoyen\\\/\"},\"wordCount\":1489,\"commentCount\":0,\"publisher\":{\"@id\":\"https:\\\/\\\/maclabi.fr\\\/#\\\/schema\\\/person\\\/22f8aff35e6205e5d8493a59eb7bb473\"},\"image\":{\"@id\":\"https:\\\/\\\/maclabi.fr\\\/index.php\\\/2025\\\/12\\\/08\\\/regard-citoyen\\\/#primaryimage\"},\"thumbnailUrl\":\"https:\\\/\\\/maclabi.fr\\\/wp-content\\\/uploads\\\/2025\\\/12\\\/jerusalem-953226_12801-1024x681.jpg\",\"articleSection\":[\"politique\"],\"inLanguage\":\"fr-FR\",\"potentialAction\":[{\"@type\":\"CommentAction\",\"name\":\"Comment\",\"target\":[\"https:\\\/\\\/maclabi.fr\\\/index.php\\\/2025\\\/12\\\/08\\\/regard-citoyen\\\/#respond\"]}]},{\"@type\":\"WebPage\",\"@id\":\"https:\\\/\\\/maclabi.fr\\\/index.php\\\/2025\\\/12\\\/08\\\/regard-citoyen\\\/\",\"url\":\"https:\\\/\\\/maclabi.fr\\\/index.php\\\/2025\\\/12\\\/08\\\/regard-citoyen\\\/\",\"name\":\"REGARD CITOYEN - politique\",\"isPartOf\":{\"@id\":\"https:\\\/\\\/maclabi.fr\\\/#website\"},\"primaryImageOfPage\":{\"@id\":\"https:\\\/\\\/maclabi.fr\\\/index.php\\\/2025\\\/12\\\/08\\\/regard-citoyen\\\/#primaryimage\"},\"image\":{\"@id\":\"https:\\\/\\\/maclabi.fr\\\/index.php\\\/2025\\\/12\\\/08\\\/regard-citoyen\\\/#primaryimage\"},\"thumbnailUrl\":\"https:\\\/\\\/maclabi.fr\\\/wp-content\\\/uploads\\\/2025\\\/12\\\/jerusalem-953226_12801-1024x681.jpg\",\"datePublished\":\"2025-12-08T16:42:17+00:00\",\"dateModified\":\"2025-12-08T16:55:49+00:00\",\"description\":\"En 2024 plus d\u2019un milliard d\u2019adultes sont all\u00e9s voter dans le monde, aux \u00c9tats Unis, en Inde, au Br\u00e9sil, au Royaume uni, et dans les 27 pays de l\u2019Union\",\"breadcrumb\":{\"@id\":\"https:\\\/\\\/maclabi.fr\\\/index.php\\\/2025\\\/12\\\/08\\\/regard-citoyen\\\/#breadcrumb\"},\"inLanguage\":\"fr-FR\",\"potentialAction\":[{\"@type\":\"ReadAction\",\"target\":[\"https:\\\/\\\/maclabi.fr\\\/index.php\\\/2025\\\/12\\\/08\\\/regard-citoyen\\\/\"]}]},{\"@type\":\"ImageObject\",\"inLanguage\":\"fr-FR\",\"@id\":\"https:\\\/\\\/maclabi.fr\\\/index.php\\\/2025\\\/12\\\/08\\\/regard-citoyen\\\/#primaryimage\",\"url\":\"https:\\\/\\\/maclabi.fr\\\/wp-content\\\/uploads\\\/2025\\\/12\\\/jerusalem-953226_12801.jpg\",\"contentUrl\":\"https:\\\/\\\/maclabi.fr\\\/wp-content\\\/uploads\\\/2025\\\/12\\\/jerusalem-953226_12801.jpg\",\"width\":1280,\"height\":851},{\"@type\":\"BreadcrumbList\",\"@id\":\"https:\\\/\\\/maclabi.fr\\\/index.php\\\/2025\\\/12\\\/08\\\/regard-citoyen\\\/#breadcrumb\",\"itemListElement\":[{\"@type\":\"ListItem\",\"position\":1,\"name\":\"Accueil\",\"item\":\"https:\\\/\\\/maclabi.fr\\\/\"},{\"@type\":\"ListItem\",\"position\":2,\"name\":\"REGARD CITOYEN\"}]},{\"@type\":\"WebSite\",\"@id\":\"https:\\\/\\\/maclabi.fr\\\/#website\",\"url\":\"https:\\\/\\\/maclabi.fr\\\/\",\"name\":\"Blog citoyen - Changer de monde\",\"description\":\"Sortir du politiquement correct\",\"publisher\":{\"@id\":\"https:\\\/\\\/maclabi.fr\\\/#\\\/schema\\\/person\\\/22f8aff35e6205e5d8493a59eb7bb473\"},\"potentialAction\":[{\"@type\":\"SearchAction\",\"target\":{\"@type\":\"EntryPoint\",\"urlTemplate\":\"https:\\\/\\\/maclabi.fr\\\/?s={search_term_string}\"},\"query-input\":{\"@type\":\"PropertyValueSpecification\",\"valueRequired\":true,\"valueName\":\"search_term_string\"}}],\"inLanguage\":\"fr-FR\"},{\"@type\":[\"Person\",\"Organization\"],\"@id\":\"https:\\\/\\\/maclabi.fr\\\/#\\\/schema\\\/person\\\/22f8aff35e6205e5d8493a59eb7bb473\",\"name\":\"Maurice\",\"pronouns\":\"il\",\"image\":{\"@type\":\"ImageObject\",\"inLanguage\":\"fr-FR\",\"@id\":\"https:\\\/\\\/secure.gravatar.com\\\/avatar\\\/8c8fde46cf96c88a1c3f545403dc0898a58a125164e99f209dc2b50df4fdfcd5?s=96&d=mm&r=g\",\"url\":\"https:\\\/\\\/secure.gravatar.com\\\/avatar\\\/8c8fde46cf96c88a1c3f545403dc0898a58a125164e99f209dc2b50df4fdfcd5?s=96&d=mm&r=g\",\"contentUrl\":\"https:\\\/\\\/secure.gravatar.com\\\/avatar\\\/8c8fde46cf96c88a1c3f545403dc0898a58a125164e99f209dc2b50df4fdfcd5?s=96&d=mm&r=g\",\"caption\":\"Maurice\"},\"logo\":{\"@id\":\"https:\\\/\\\/secure.gravatar.com\\\/avatar\\\/8c8fde46cf96c88a1c3f545403dc0898a58a125164e99f209dc2b50df4fdfcd5?s=96&d=mm&r=g\"},\"description\":\"Retrait\u00e9, dipl\u00f4m\u00e9 en sciences \u00e9conomiques, j'ai \u00e9t\u00e9 enseignant, chercheur en sciences sociales, syndicaliste, mutualiste militant, chef d'entreprise d\u2019\u00e9conomie sociale. Depuis mes \u00e9tudes je suis int\u00e9ress\u00e9 par l'\u00e9pist\u00e9mologie en sciences sociales et la pluridisciplinarit\u00e9. J'ai cr\u00e9\u00e9 ce blog pour m'exprimer et \u00e9changer avec ceux qui le souhaitent.\",\"url\":\"https:\\\/\\\/maclabi.fr\\\/index.php\\\/author\\\/admin5461\\\/\"}]}<\/script>\n<!-- \/ Yoast SEO plugin. -->","yoast_head_json":{"title":"REGARD CITOYEN - politique","description":"En 2024 plus d\u2019un milliard d\u2019adultes sont all\u00e9s voter dans le monde, aux \u00c9tats Unis, en Inde, au Br\u00e9sil, au Royaume uni, et dans les 27 pays de l\u2019Union","robots":{"index":"index","follow":"follow","max-snippet":"max-snippet:-1","max-image-preview":"max-image-preview:large","max-video-preview":"max-video-preview:-1"},"canonical":"https:\/\/maclabi.fr\/index.php\/2025\/12\/08\/regard-citoyen\/","og_locale":"fr_FR","og_type":"article","og_title":"REGARD CITOYEN - politique","og_description":"En 2024 plus d\u2019un milliard d\u2019adultes sont all\u00e9s voter dans le monde, aux \u00c9tats Unis, en Inde, au Br\u00e9sil, au Royaume uni, et dans les 27 pays de l\u2019Union","og_url":"https:\/\/maclabi.fr\/index.php\/2025\/12\/08\/regard-citoyen\/","og_site_name":"Blog citoyen - Changer de monde","article_published_time":"2025-12-08T16:42:17+00:00","article_modified_time":"2025-12-08T16:55:49+00:00","og_image":[{"width":1280,"height":851,"url":"https:\/\/maclabi.fr\/wp-content\/uploads\/2025\/12\/jerusalem-953226_12801.jpg","type":"image\/jpeg"}],"author":"Maurice","twitter_card":"summary_large_image","twitter_misc":{"\u00c9crit par":"Maurice","Dur\u00e9e de lecture estim\u00e9e":"9 minutes"},"schema":{"@context":"https:\/\/schema.org","@graph":[{"@type":"Article","@id":"https:\/\/maclabi.fr\/index.php\/2025\/12\/08\/regard-citoyen\/#article","isPartOf":{"@id":"https:\/\/maclabi.fr\/index.php\/2025\/12\/08\/regard-citoyen\/"},"author":{"name":"Maurice","@id":"https:\/\/maclabi.fr\/#\/schema\/person\/22f8aff35e6205e5d8493a59eb7bb473"},"headline":"REGARD CITOYEN","datePublished":"2025-12-08T16:42:17+00:00","dateModified":"2025-12-08T16:55:49+00:00","mainEntityOfPage":{"@id":"https:\/\/maclabi.fr\/index.php\/2025\/12\/08\/regard-citoyen\/"},"wordCount":1489,"commentCount":0,"publisher":{"@id":"https:\/\/maclabi.fr\/#\/schema\/person\/22f8aff35e6205e5d8493a59eb7bb473"},"image":{"@id":"https:\/\/maclabi.fr\/index.php\/2025\/12\/08\/regard-citoyen\/#primaryimage"},"thumbnailUrl":"https:\/\/maclabi.fr\/wp-content\/uploads\/2025\/12\/jerusalem-953226_12801-1024x681.jpg","articleSection":["politique"],"inLanguage":"fr-FR","potentialAction":[{"@type":"CommentAction","name":"Comment","target":["https:\/\/maclabi.fr\/index.php\/2025\/12\/08\/regard-citoyen\/#respond"]}]},{"@type":"WebPage","@id":"https:\/\/maclabi.fr\/index.php\/2025\/12\/08\/regard-citoyen\/","url":"https:\/\/maclabi.fr\/index.php\/2025\/12\/08\/regard-citoyen\/","name":"REGARD CITOYEN - politique","isPartOf":{"@id":"https:\/\/maclabi.fr\/#website"},"primaryImageOfPage":{"@id":"https:\/\/maclabi.fr\/index.php\/2025\/12\/08\/regard-citoyen\/#primaryimage"},"image":{"@id":"https:\/\/maclabi.fr\/index.php\/2025\/12\/08\/regard-citoyen\/#primaryimage"},"thumbnailUrl":"https:\/\/maclabi.fr\/wp-content\/uploads\/2025\/12\/jerusalem-953226_12801-1024x681.jpg","datePublished":"2025-12-08T16:42:17+00:00","dateModified":"2025-12-08T16:55:49+00:00","description":"En 2024 plus d\u2019un milliard d\u2019adultes sont all\u00e9s voter dans le monde, aux \u00c9tats Unis, en Inde, au Br\u00e9sil, au Royaume uni, et dans les 27 pays de l\u2019Union","breadcrumb":{"@id":"https:\/\/maclabi.fr\/index.php\/2025\/12\/08\/regard-citoyen\/#breadcrumb"},"inLanguage":"fr-FR","potentialAction":[{"@type":"ReadAction","target":["https:\/\/maclabi.fr\/index.php\/2025\/12\/08\/regard-citoyen\/"]}]},{"@type":"ImageObject","inLanguage":"fr-FR","@id":"https:\/\/maclabi.fr\/index.php\/2025\/12\/08\/regard-citoyen\/#primaryimage","url":"https:\/\/maclabi.fr\/wp-content\/uploads\/2025\/12\/jerusalem-953226_12801.jpg","contentUrl":"https:\/\/maclabi.fr\/wp-content\/uploads\/2025\/12\/jerusalem-953226_12801.jpg","width":1280,"height":851},{"@type":"BreadcrumbList","@id":"https:\/\/maclabi.fr\/index.php\/2025\/12\/08\/regard-citoyen\/#breadcrumb","itemListElement":[{"@type":"ListItem","position":1,"name":"Accueil","item":"https:\/\/maclabi.fr\/"},{"@type":"ListItem","position":2,"name":"REGARD CITOYEN"}]},{"@type":"WebSite","@id":"https:\/\/maclabi.fr\/#website","url":"https:\/\/maclabi.fr\/","name":"Blog citoyen - Changer de monde","description":"Sortir du politiquement correct","publisher":{"@id":"https:\/\/maclabi.fr\/#\/schema\/person\/22f8aff35e6205e5d8493a59eb7bb473"},"potentialAction":[{"@type":"SearchAction","target":{"@type":"EntryPoint","urlTemplate":"https:\/\/maclabi.fr\/?s={search_term_string}"},"query-input":{"@type":"PropertyValueSpecification","valueRequired":true,"valueName":"search_term_string"}}],"inLanguage":"fr-FR"},{"@type":["Person","Organization"],"@id":"https:\/\/maclabi.fr\/#\/schema\/person\/22f8aff35e6205e5d8493a59eb7bb473","name":"Maurice","pronouns":"il","image":{"@type":"ImageObject","inLanguage":"fr-FR","@id":"https:\/\/secure.gravatar.com\/avatar\/8c8fde46cf96c88a1c3f545403dc0898a58a125164e99f209dc2b50df4fdfcd5?s=96&d=mm&r=g","url":"https:\/\/secure.gravatar.com\/avatar\/8c8fde46cf96c88a1c3f545403dc0898a58a125164e99f209dc2b50df4fdfcd5?s=96&d=mm&r=g","contentUrl":"https:\/\/secure.gravatar.com\/avatar\/8c8fde46cf96c88a1c3f545403dc0898a58a125164e99f209dc2b50df4fdfcd5?s=96&d=mm&r=g","caption":"Maurice"},"logo":{"@id":"https:\/\/secure.gravatar.com\/avatar\/8c8fde46cf96c88a1c3f545403dc0898a58a125164e99f209dc2b50df4fdfcd5?s=96&d=mm&r=g"},"description":"Retrait\u00e9, dipl\u00f4m\u00e9 en sciences \u00e9conomiques, j'ai \u00e9t\u00e9 enseignant, chercheur en sciences sociales, syndicaliste, mutualiste militant, chef d'entreprise d\u2019\u00e9conomie sociale. Depuis mes \u00e9tudes je suis int\u00e9ress\u00e9 par l'\u00e9pist\u00e9mologie en sciences sociales et la pluridisciplinarit\u00e9. J'ai cr\u00e9\u00e9 ce blog pour m'exprimer et \u00e9changer avec ceux qui le souhaitent.","url":"https:\/\/maclabi.fr\/index.php\/author\/admin5461\/"}]}},"_links":{"self":[{"href":"https:\/\/maclabi.fr\/index.php\/wp-json\/wp\/v2\/posts\/1533","targetHints":{"allow":["GET"]}}],"collection":[{"href":"https:\/\/maclabi.fr\/index.php\/wp-json\/wp\/v2\/posts"}],"about":[{"href":"https:\/\/maclabi.fr\/index.php\/wp-json\/wp\/v2\/types\/post"}],"author":[{"embeddable":true,"href":"https:\/\/maclabi.fr\/index.php\/wp-json\/wp\/v2\/users\/1"}],"replies":[{"embeddable":true,"href":"https:\/\/maclabi.fr\/index.php\/wp-json\/wp\/v2\/comments?post=1533"}],"version-history":[{"count":2,"href":"https:\/\/maclabi.fr\/index.php\/wp-json\/wp\/v2\/posts\/1533\/revisions"}],"predecessor-version":[{"id":1546,"href":"https:\/\/maclabi.fr\/index.php\/wp-json\/wp\/v2\/posts\/1533\/revisions\/1546"}],"wp:attachment":[{"href":"https:\/\/maclabi.fr\/index.php\/wp-json\/wp\/v2\/media?parent=1533"}],"wp:term":[{"taxonomy":"category","embeddable":true,"href":"https:\/\/maclabi.fr\/index.php\/wp-json\/wp\/v2\/categories?post=1533"},{"taxonomy":"post_tag","embeddable":true,"href":"https:\/\/maclabi.fr\/index.php\/wp-json\/wp\/v2\/tags?post=1533"}],"curies":[{"name":"wp","href":"https:\/\/api.w.org\/{rel}","templated":true}]}}