{"id":1509,"date":"2025-08-30T19:28:11","date_gmt":"2025-08-30T17:28:11","guid":{"rendered":"https:\/\/maclabi.fr\/?p=1509"},"modified":"2025-08-30T19:30:50","modified_gmt":"2025-08-30T17:30:50","slug":"information-ou-desinformation","status":"publish","type":"post","link":"https:\/\/maclabi.fr\/index.php\/2025\/08\/30\/information-ou-desinformation\/","title":{"rendered":"Information ou d\u00e9sinformation\u00a0?"},"content":{"rendered":"\n<p>La publicit\u00e9 utilise souvent l\u2019expression \u00ab\u00a0vu \u00e0 la t\u00e9l\u00e9vision\u00a0\u00bb pour convaincre que le produit pr\u00e9sent\u00e9 est un bon produit. C\u2019est sans doute pourquoi les milliardaires sont friands de contr\u00f4ler les m\u00e9dias quelle qu\u2019en soit la forme, presse quotidienne, radios, t\u00e9l\u00e9visions classiques ou d\u2019information continue. Nous pouvons nous interroger sur les raisons de cet engouement pour les m\u00e9dias des grandes fortunes de ce pays. J\u2019ai ma r\u00e9ponse mais elle pourrait vous para\u00eetre tr\u00e8s subjective donc je me contenterai de vous donner quelques exemples v\u00e9cus qui sont certainement fortuits (sic).<\/p>\n\n\n\n<figure class=\"wp-block-image size-full\"><img loading=\"lazy\" decoding=\"async\" width=\"672\" height=\"502\" src=\"https:\/\/maclabi.fr\/wp-content\/uploads\/2025\/08\/gpes-de-presse.png\" alt=\"\" class=\"wp-image-1511\" srcset=\"https:\/\/maclabi.fr\/wp-content\/uploads\/2025\/08\/gpes-de-presse.png 672w, https:\/\/maclabi.fr\/wp-content\/uploads\/2025\/08\/gpes-de-presse-300x224.png 300w\" sizes=\"auto, (max-width: 709px) 85vw, (max-width: 909px) 67vw, (max-width: 984px) 61vw, (max-width: 1362px) 45vw, 600px\" \/><\/figure>\n\n\n\n<h5 class=\"wp-block-heading\"><strong>Trouver 44 milliards d\u2019\u00e9conomie pour le budget 2026<\/strong><\/h5>\n\n\n\n<p>Dans une cha\u00eene d\u2019information continue priv\u00e9e, lors d\u2019une \u00e9mission de grande \u00e9coute, \u00e0 propos de la n\u00e9cessit\u00e9 de r\u00e9agir \u00e0 l\u2019endettement de la France, il est question du rapport de la commission s\u00e9natoriale sur l\u2019utilit\u00e9 des aides publiques aux entreprises. Cette commission est pr\u00e9sid\u00e9e par un s\u00e9nateur \u00ab\u00a0Les r\u00e9publicains\u00a0\u00bb et le rapporteur est un s\u00e9nateur du \u00ab\u00a0Parti communiste Fran\u00e7ais\u00a0\u00bb. Elle \u00e9value le montant de ces aides \u00e0 211 milliards d\u2019euros en 2023.<\/p>\n\n\n\n<figure class=\"wp-block-image size-full\"><img loading=\"lazy\" decoding=\"async\" width=\"633\" height=\"633\" src=\"https:\/\/maclabi.fr\/wp-content\/uploads\/2025\/08\/budget.png\" alt=\"\" class=\"wp-image-1510\" srcset=\"https:\/\/maclabi.fr\/wp-content\/uploads\/2025\/08\/budget.png 633w, https:\/\/maclabi.fr\/wp-content\/uploads\/2025\/08\/budget-300x300.png 300w, https:\/\/maclabi.fr\/wp-content\/uploads\/2025\/08\/budget-150x150.png 150w\" sizes=\"auto, (max-width: 709px) 85vw, (max-width: 909px) 67vw, (max-width: 984px) 61vw, (max-width: 1362px) 45vw, 600px\" \/><\/figure>\n\n\n\n<p>Est-ce qu\u2019il ne faut pas se tourner vers les entreprises pour alimenter les 44 milliards d\u2019\u00e9conomie que veut faire le gouvernement&nbsp;? demande l\u2019animateur. Le d\u00e9bat s\u2019engage et le rapport s\u00e9natorial, selon tous les journalistes pr\u00e9sents sur le plateau, devient la position du s\u00e9nateur communiste qui m\u00e9lange des pommes et des poires et qui instrumentalise des chiffres pour des objectifs politiciens. En fait ces 211 milliards sont au mieux \u00e0 r\u00e9duire \u00e0 112 milliards. Le d\u00e9bat se termine sur l\u2019affirmation qu\u2019il faut cesser de s\u2019attaquer aux entreprises qui sont sources de richesse et si l\u2019on continue \u00e0 stigmatiser les riches, les grandes fortunes quitteront le pays\u2026<\/p>\n\n\n\n<figure class=\"wp-block-image size-full\"><img loading=\"lazy\" decoding=\"async\" width=\"943\" height=\"627\" src=\"https:\/\/maclabi.fr\/wp-content\/uploads\/2025\/08\/senat.png\" alt=\"\" class=\"wp-image-1485\" srcset=\"https:\/\/maclabi.fr\/wp-content\/uploads\/2025\/08\/senat.png 943w, https:\/\/maclabi.fr\/wp-content\/uploads\/2025\/08\/senat-300x199.png 300w, https:\/\/maclabi.fr\/wp-content\/uploads\/2025\/08\/senat-768x511.png 768w\" sizes=\"auto, (max-width: 709px) 85vw, (max-width: 909px) 67vw, (max-width: 1362px) 62vw, 840px\" \/><\/figure>\n\n\n\n<p>Il n\u2019est dit \u00e0 aucun moment que la commission a d\u00fb \u00e9valuer elle-m\u00eame le montant des aides car aucun service de l\u2019\u00c9tat n\u2019a \u00e9t\u00e9 capable de le faire. Aussi paradoxale que cela para\u00eet le minist\u00e8re de l\u2019\u00e9conomie ne comptabilise pas ces aides car elles sont trop diverses. Le rapport du S\u00e9nat pr\u00e9cise qu\u2019il additionne aides directes, all\u00e8gements fiscaux, all\u00e8gements de cotisations sociales mais en excluant les aides des collectivit\u00e9s locales et les aides europ\u00e9ennes. Donc le montant est probablement plus \u00e9lev\u00e9. Non seulement l\u2019\u00c9tat est incapable d&rsquo;en chiffrer pr\u00e9cis\u00e9ment le montant mais ces aides ne font l\u2019objet d\u2019aucun suivi. Le rapport du S\u00e9nat fait une s\u00e9rie de propositions pour am\u00e9liorer la situation. Sur le plateau aucun des participants ne trouve int\u00e9ressant d\u2019en parler.  Ils oublient aussi de pr\u00e9ciser que le rapport a \u00e9t\u00e9 vot\u00e9 \u00e0 l\u2019unanimit\u00e9 des membres de la commission compos\u00e9e de membres appartenant \u00e0 tous les partis politiques repr\u00e9sent\u00e9s au S\u00e9nat.<\/p>\n\n\n\n<p>Mensonges par omission et d\u00e9rives id\u00e9ologiques caract\u00e9risent cette s\u00e9quence.<\/p>\n\n\n\n<h5 class=\"wp-block-heading\"><strong>Savez-vous que les dealers touchent des aides sociales&nbsp;?<\/strong><\/h5>\n\n\n\n<p>Autre exemple sur la m\u00eame cha\u00eene quelques jours auparavant. L\u2019animateur, diff\u00e9rent du pr\u00e9c\u00e9dent, interpelle le plateau \u00ab\u00a0savez-vous que les dealers touchent des aides sociales\u00a0?\u00a0\u00bb Tous les participants sont dubitatifs mais le d\u00e9bat s\u2019installe et l\u2019animateur insiste. Les dealers gagnent beaucoup d\u2019argent non d\u00e9clar\u00e9,  donc ils peuvent b\u00e9n\u00e9ficier d\u2019aides sociales. D\u2019ailleurs un maire du sud vient de lancer une alerte et prendre des dispositions pour trouver une solution \u00e0 cette anomalie. L\u00e0 il ne s\u2019agit pas d\u2019une infox mais simplement de la mani\u00e8re de pr\u00e9senter les choses. Cette pr\u00e9sentation est faite au milieu d\u2019un d\u00e9bat sur l\u2019importance des aides sociales en France. Le message implicite est que ces aides sont bien trop g\u00e9n\u00e9reuses et sont \u00e0 l\u2019origine du d\u00e9ficit budg\u00e9taire auquel la France doit faire face. L\u2019animateur pouvait simplement annoncer qu\u2019on vient de s\u2019apercevoir qu\u2019il est possible d\u2019avoir des aides sociales quand on a des revenus non d\u00e9clar\u00e9s ce qui est le cas notamment des dealers, ce que vient de d\u00e9noncer \u00e0 juste titre un maire. Il n\u2019est pas pr\u00e9cis\u00e9 au cours de l\u2019\u00e9mission l\u2019importance relative de cette fraude ni si elle est quantitativement significative.<\/p>\n\n\n\n<figure class=\"wp-block-image size-full\"><img decoding=\"async\" src=\"https:\/\/maclabi.fr\/wp-content\/uploads\/2025\/08\/dealers.png\" alt=\"\" class=\"wp-image-1512\"\/><\/figure>\n\n\n\n<p>Une pr\u00e9sentation sous forme de provocation qui permet de stigmatiser l\u2019importance des aides sociales.<\/p>\n\n\n\n<h5 class=\"wp-block-heading\"><strong>Les jeunes salari\u00e9s se voient pr\u00e9lev\u00e9s de 37% pour financer les retraites<\/strong><\/h5>\n\n\n\n<p>Autre exemple, toujours sur la m\u00eame cha\u00eene qui d\u00e9bat de la derni\u00e8re sortie du premier ministre accusant les \u00ab\u00a0boomers\u00a0\u00bb de l\u00e9guer \u00e0 leurs enfants et petit enfants la charge du remboursement de la dette. Cette fois-ci le plateau n\u2019est pas unanime et estime globalement que les choses ne sont pas aussi simples. Difficile de mettre en cause les personnes \u00e2g\u00e9es et de leur faire supporter des ann\u00e9es d\u2019erreurs collectives. Mais une journaliste s\u2019enflamme et pr\u00e9tend que les jeunes salari\u00e9s aujourd\u2019hui, tout cumul\u00e9, se voient pr\u00e9lev\u00e9s de 37% de leur salaire brut pour financer les retraites des \u00ab\u00a0boomeurs\u00a0\u00bb. Elle affirme la hauteur du pr\u00e9l\u00e8vement sans jamais apporter de d\u00e9tail sur ce calcul. Aucun des participants n\u2019a pos\u00e9 une question relative \u00e0 ce chiffrage qui ne me parait pas refl\u00e9ter la r\u00e9alit\u00e9. Aller dans le sens du chef du gouvernement et argumenter sans preuve pour opposer les fran\u00e7ais les uns contre les autres ne me semble pas tr\u00e8s professionnel pour une journaliste. Le d\u00e9bat d\u00e9bouche sur la n\u00e9cessit\u00e9 de r\u00e9former le syst\u00e8me de retraite qui comme tous \u00ab\u00a0les exorbitants avantages sociaux\u00a0\u00bb sont \u00e0 l\u2019origine de la dette. C\u2019est bien connu le d\u00e9ficit budg\u00e9taire sert principalement \u00e0 payer les retraites. Des tableaux sont publi\u00e9s pour le d\u00e9montrer. \u00a0On oublie de pr\u00e9ciser que le syst\u00e8me de retraite du secteur priv\u00e9 est quasi \u00e9quilibr\u00e9 et que les chiffres avanc\u00e9s par le gouvernement int\u00e8grent les retraites du secteur public qui p\u00e8sent directement sur le budget.<\/p>\n\n\n<div class=\"wp-block-image\">\n<figure class=\"aligncenter size-large is-resized\"><img loading=\"lazy\" decoding=\"async\" width=\"1024\" height=\"928\" src=\"https:\/\/maclabi.fr\/wp-content\/uploads\/2023\/07\/ant-gfad949e1b_1280-1024x928.png\" alt=\"\" class=\"wp-image-1127\" style=\"width:329px;height:auto\" srcset=\"https:\/\/maclabi.fr\/wp-content\/uploads\/2023\/07\/ant-gfad949e1b_1280-1024x928.png 1024w, https:\/\/maclabi.fr\/wp-content\/uploads\/2023\/07\/ant-gfad949e1b_1280-300x272.png 300w, https:\/\/maclabi.fr\/wp-content\/uploads\/2023\/07\/ant-gfad949e1b_1280-768x696.png 768w, https:\/\/maclabi.fr\/wp-content\/uploads\/2023\/07\/ant-gfad949e1b_1280-1200x1088.png 1200w, https:\/\/maclabi.fr\/wp-content\/uploads\/2023\/07\/ant-gfad949e1b_1280.png 1280w\" sizes=\"auto, (max-width: 709px) 85vw, (max-width: 909px) 67vw, (max-width: 1362px) 62vw, 840px\" \/><\/figure>\n<\/div>\n\n\n<p>Pour le coup il est possible de se demander qui utilise des chiffrages non \u00e9tay\u00e9s pour justifier des objectifs politiciens&nbsp;?<\/p>\n\n\n\n<h5 class=\"wp-block-heading\">Pour conclure &#8230;<\/h5>\n\n\n\n<p>Ces quelques exemples n\u2019ont pas la pr\u00e9tention de d\u00e9montrer que toute l\u2019information dans le pays est biais\u00e9e. J\u2019aurais pu \u00e9voquer les m\u00e9dias du groupe Bollor\u00e9 qui, en se pr\u00e9tendant presse d\u2019opinion, prennent ouvertement faits et causes pour les th\u00e8ses des partis d\u2019extr\u00eame droite. Il s\u2019agit simplement d\u2019inviter nos concitoyens \u00e0 r\u00e9fl\u00e9chir sur le fait que si c\u2019est dit \u00e0 la t\u00e9l\u00e9 ou dans le journal, ce n\u2019est pas forc\u00e9ment vrai. Il vaut mieux multiplier ses sources d\u2019information avant de se faire une opinion. Malheureusement cela n\u2019est pas possible pour tout le monde. Cela fait partie des nombreuses in\u00e9galit\u00e9s de notre monde.<\/p>\n","protected":false},"excerpt":{"rendered":"<p>La publicit\u00e9 utilise souvent l\u2019expression \u00ab\u00a0vu \u00e0 la t\u00e9l\u00e9vision\u00a0\u00bb pour convaincre que le produit pr\u00e9sent\u00e9 est un bon produit. C\u2019est sans doute pourquoi les milliardaires sont friands de contr\u00f4ler les m\u00e9dias quelle qu\u2019en soit la forme, presse quotidienne, radios, t\u00e9l\u00e9visions classiques ou d\u2019information continue. Nous pouvons nous interroger sur les raisons de cet engouement pour &hellip; <a href=\"https:\/\/maclabi.fr\/index.php\/2025\/08\/30\/information-ou-desinformation\/\" class=\"more-link\">Continuer la lecture<span class=\"screen-reader-text\"> de &laquo;&nbsp;Information ou d\u00e9sinformation\u00a0?&nbsp;&raquo;<\/span><\/a><\/p>\n","protected":false},"author":1,"featured_media":0,"comment_status":"open","ping_status":"open","sticky":false,"template":"","format":"standard","meta":{"footnotes":""},"categories":[10],"tags":[],"class_list":["post-1509","post","type-post","status-publish","format-standard","hentry","category-politique"],"yoast_head":"<!-- This site is optimized with the Yoast SEO plugin v27.5 - https:\/\/yoast.com\/product\/yoast-seo-wordpress\/ -->\n<title>Information ou d\u00e9sinformation\u00a0? - politique<\/title>\n<meta name=\"description\" content=\"La publicit\u00e9 utilise souvent l\u2019expression \u00ab\u00a0vu \u00e0 la t\u00e9l\u00e9vision\u00a0\u00bb pour convaincre que le produit pr\u00e9sent\u00e9 est un bon produit. C\u2019est sans doute pourquoi les\" \/>\n<meta name=\"robots\" content=\"index, follow, max-snippet:-1, max-image-preview:large, max-video-preview:-1\" \/>\n<link rel=\"canonical\" href=\"https:\/\/maclabi.fr\/index.php\/2025\/08\/30\/information-ou-desinformation\/\" \/>\n<meta property=\"og:locale\" content=\"fr_FR\" \/>\n<meta property=\"og:type\" content=\"article\" \/>\n<meta property=\"og:title\" content=\"Information ou d\u00e9sinformation\u00a0? - politique\" \/>\n<meta property=\"og:description\" content=\"La publicit\u00e9 utilise souvent l\u2019expression \u00ab\u00a0vu \u00e0 la t\u00e9l\u00e9vision\u00a0\u00bb pour convaincre que le produit pr\u00e9sent\u00e9 est un bon produit. C\u2019est sans doute pourquoi les\" \/>\n<meta property=\"og:url\" content=\"https:\/\/maclabi.fr\/index.php\/2025\/08\/30\/information-ou-desinformation\/\" \/>\n<meta property=\"og:site_name\" content=\"Blog citoyen - Changer de monde\" \/>\n<meta property=\"article:published_time\" content=\"2025-08-30T17:28:11+00:00\" \/>\n<meta property=\"article:modified_time\" content=\"2025-08-30T17:30:50+00:00\" \/>\n<meta property=\"og:image\" content=\"https:\/\/maclabi.fr\/wp-content\/uploads\/2025\/08\/gpes-de-presse.png\" \/>\n\t<meta property=\"og:image:width\" content=\"672\" \/>\n\t<meta property=\"og:image:height\" content=\"502\" \/>\n\t<meta property=\"og:image:type\" content=\"image\/png\" \/>\n<meta name=\"author\" content=\"Maurice\" \/>\n<meta name=\"twitter:card\" content=\"summary_large_image\" \/>\n<meta name=\"twitter:label1\" content=\"\u00c9crit par\" \/>\n\t<meta name=\"twitter:data1\" content=\"Maurice\" \/>\n\t<meta name=\"twitter:label2\" content=\"Dur\u00e9e de lecture estim\u00e9e\" \/>\n\t<meta name=\"twitter:data2\" content=\"7 minutes\" \/>\n<script type=\"application\/ld+json\" class=\"yoast-schema-graph\">{\"@context\":\"https:\\\/\\\/schema.org\",\"@graph\":[{\"@type\":\"Article\",\"@id\":\"https:\\\/\\\/maclabi.fr\\\/index.php\\\/2025\\\/08\\\/30\\\/information-ou-desinformation\\\/#article\",\"isPartOf\":{\"@id\":\"https:\\\/\\\/maclabi.fr\\\/index.php\\\/2025\\\/08\\\/30\\\/information-ou-desinformation\\\/\"},\"author\":{\"name\":\"Maurice\",\"@id\":\"https:\\\/\\\/maclabi.fr\\\/#\\\/schema\\\/person\\\/22f8aff35e6205e5d8493a59eb7bb473\"},\"headline\":\"Information ou d\u00e9sinformation\u00a0?\",\"datePublished\":\"2025-08-30T17:28:11+00:00\",\"dateModified\":\"2025-08-30T17:30:50+00:00\",\"mainEntityOfPage\":{\"@id\":\"https:\\\/\\\/maclabi.fr\\\/index.php\\\/2025\\\/08\\\/30\\\/information-ou-desinformation\\\/\"},\"wordCount\":1187,\"commentCount\":0,\"publisher\":{\"@id\":\"https:\\\/\\\/maclabi.fr\\\/#\\\/schema\\\/person\\\/22f8aff35e6205e5d8493a59eb7bb473\"},\"image\":{\"@id\":\"https:\\\/\\\/maclabi.fr\\\/index.php\\\/2025\\\/08\\\/30\\\/information-ou-desinformation\\\/#primaryimage\"},\"thumbnailUrl\":\"https:\\\/\\\/maclabi.fr\\\/wp-content\\\/uploads\\\/2025\\\/08\\\/gpes-de-presse.png\",\"articleSection\":[\"politique\"],\"inLanguage\":\"fr-FR\",\"potentialAction\":[{\"@type\":\"CommentAction\",\"name\":\"Comment\",\"target\":[\"https:\\\/\\\/maclabi.fr\\\/index.php\\\/2025\\\/08\\\/30\\\/information-ou-desinformation\\\/#respond\"]}]},{\"@type\":\"WebPage\",\"@id\":\"https:\\\/\\\/maclabi.fr\\\/index.php\\\/2025\\\/08\\\/30\\\/information-ou-desinformation\\\/\",\"url\":\"https:\\\/\\\/maclabi.fr\\\/index.php\\\/2025\\\/08\\\/30\\\/information-ou-desinformation\\\/\",\"name\":\"Information ou d\u00e9sinformation\u00a0? - politique\",\"isPartOf\":{\"@id\":\"https:\\\/\\\/maclabi.fr\\\/#website\"},\"primaryImageOfPage\":{\"@id\":\"https:\\\/\\\/maclabi.fr\\\/index.php\\\/2025\\\/08\\\/30\\\/information-ou-desinformation\\\/#primaryimage\"},\"image\":{\"@id\":\"https:\\\/\\\/maclabi.fr\\\/index.php\\\/2025\\\/08\\\/30\\\/information-ou-desinformation\\\/#primaryimage\"},\"thumbnailUrl\":\"https:\\\/\\\/maclabi.fr\\\/wp-content\\\/uploads\\\/2025\\\/08\\\/gpes-de-presse.png\",\"datePublished\":\"2025-08-30T17:28:11+00:00\",\"dateModified\":\"2025-08-30T17:30:50+00:00\",\"description\":\"La publicit\u00e9 utilise souvent l\u2019expression \u00ab\u00a0vu \u00e0 la t\u00e9l\u00e9vision\u00a0\u00bb pour convaincre que le produit pr\u00e9sent\u00e9 est un bon produit. C\u2019est sans doute pourquoi les\",\"breadcrumb\":{\"@id\":\"https:\\\/\\\/maclabi.fr\\\/index.php\\\/2025\\\/08\\\/30\\\/information-ou-desinformation\\\/#breadcrumb\"},\"inLanguage\":\"fr-FR\",\"potentialAction\":[{\"@type\":\"ReadAction\",\"target\":[\"https:\\\/\\\/maclabi.fr\\\/index.php\\\/2025\\\/08\\\/30\\\/information-ou-desinformation\\\/\"]}]},{\"@type\":\"ImageObject\",\"inLanguage\":\"fr-FR\",\"@id\":\"https:\\\/\\\/maclabi.fr\\\/index.php\\\/2025\\\/08\\\/30\\\/information-ou-desinformation\\\/#primaryimage\",\"url\":\"https:\\\/\\\/maclabi.fr\\\/wp-content\\\/uploads\\\/2025\\\/08\\\/gpes-de-presse.png\",\"contentUrl\":\"https:\\\/\\\/maclabi.fr\\\/wp-content\\\/uploads\\\/2025\\\/08\\\/gpes-de-presse.png\",\"width\":672,\"height\":502},{\"@type\":\"BreadcrumbList\",\"@id\":\"https:\\\/\\\/maclabi.fr\\\/index.php\\\/2025\\\/08\\\/30\\\/information-ou-desinformation\\\/#breadcrumb\",\"itemListElement\":[{\"@type\":\"ListItem\",\"position\":1,\"name\":\"Accueil\",\"item\":\"https:\\\/\\\/maclabi.fr\\\/\"},{\"@type\":\"ListItem\",\"position\":2,\"name\":\"Information ou d\u00e9sinformation\u00a0?\"}]},{\"@type\":\"WebSite\",\"@id\":\"https:\\\/\\\/maclabi.fr\\\/#website\",\"url\":\"https:\\\/\\\/maclabi.fr\\\/\",\"name\":\"Blog citoyen - Changer de monde\",\"description\":\"Sortir du politiquement correct\",\"publisher\":{\"@id\":\"https:\\\/\\\/maclabi.fr\\\/#\\\/schema\\\/person\\\/22f8aff35e6205e5d8493a59eb7bb473\"},\"potentialAction\":[{\"@type\":\"SearchAction\",\"target\":{\"@type\":\"EntryPoint\",\"urlTemplate\":\"https:\\\/\\\/maclabi.fr\\\/?s={search_term_string}\"},\"query-input\":{\"@type\":\"PropertyValueSpecification\",\"valueRequired\":true,\"valueName\":\"search_term_string\"}}],\"inLanguage\":\"fr-FR\"},{\"@type\":[\"Person\",\"Organization\"],\"@id\":\"https:\\\/\\\/maclabi.fr\\\/#\\\/schema\\\/person\\\/22f8aff35e6205e5d8493a59eb7bb473\",\"name\":\"Maurice\",\"pronouns\":\"il\",\"image\":{\"@type\":\"ImageObject\",\"inLanguage\":\"fr-FR\",\"@id\":\"https:\\\/\\\/secure.gravatar.com\\\/avatar\\\/8c8fde46cf96c88a1c3f545403dc0898a58a125164e99f209dc2b50df4fdfcd5?s=96&d=mm&r=g\",\"url\":\"https:\\\/\\\/secure.gravatar.com\\\/avatar\\\/8c8fde46cf96c88a1c3f545403dc0898a58a125164e99f209dc2b50df4fdfcd5?s=96&d=mm&r=g\",\"contentUrl\":\"https:\\\/\\\/secure.gravatar.com\\\/avatar\\\/8c8fde46cf96c88a1c3f545403dc0898a58a125164e99f209dc2b50df4fdfcd5?s=96&d=mm&r=g\",\"caption\":\"Maurice\"},\"logo\":{\"@id\":\"https:\\\/\\\/secure.gravatar.com\\\/avatar\\\/8c8fde46cf96c88a1c3f545403dc0898a58a125164e99f209dc2b50df4fdfcd5?s=96&d=mm&r=g\"},\"description\":\"Retrait\u00e9, dipl\u00f4m\u00e9 en sciences \u00e9conomiques, j'ai \u00e9t\u00e9 enseignant, chercheur en sciences sociales, syndicaliste, mutualiste militant, chef d'entreprise d\u2019\u00e9conomie sociale. Depuis mes \u00e9tudes je suis int\u00e9ress\u00e9 par l'\u00e9pist\u00e9mologie en sciences sociales et la pluridisciplinarit\u00e9. J'ai cr\u00e9\u00e9 ce blog pour m'exprimer et \u00e9changer avec ceux qui le souhaitent.\",\"url\":\"https:\\\/\\\/maclabi.fr\\\/index.php\\\/author\\\/admin5461\\\/\"}]}<\/script>\n<!-- \/ Yoast SEO plugin. -->","yoast_head_json":{"title":"Information ou d\u00e9sinformation\u00a0? - politique","description":"La publicit\u00e9 utilise souvent l\u2019expression \u00ab\u00a0vu \u00e0 la t\u00e9l\u00e9vision\u00a0\u00bb pour convaincre que le produit pr\u00e9sent\u00e9 est un bon produit. C\u2019est sans doute pourquoi les","robots":{"index":"index","follow":"follow","max-snippet":"max-snippet:-1","max-image-preview":"max-image-preview:large","max-video-preview":"max-video-preview:-1"},"canonical":"https:\/\/maclabi.fr\/index.php\/2025\/08\/30\/information-ou-desinformation\/","og_locale":"fr_FR","og_type":"article","og_title":"Information ou d\u00e9sinformation\u00a0? - politique","og_description":"La publicit\u00e9 utilise souvent l\u2019expression \u00ab\u00a0vu \u00e0 la t\u00e9l\u00e9vision\u00a0\u00bb pour convaincre que le produit pr\u00e9sent\u00e9 est un bon produit. C\u2019est sans doute pourquoi les","og_url":"https:\/\/maclabi.fr\/index.php\/2025\/08\/30\/information-ou-desinformation\/","og_site_name":"Blog citoyen - Changer de monde","article_published_time":"2025-08-30T17:28:11+00:00","article_modified_time":"2025-08-30T17:30:50+00:00","og_image":[{"width":672,"height":502,"url":"https:\/\/maclabi.fr\/wp-content\/uploads\/2025\/08\/gpes-de-presse.png","type":"image\/png"}],"author":"Maurice","twitter_card":"summary_large_image","twitter_misc":{"\u00c9crit par":"Maurice","Dur\u00e9e de lecture estim\u00e9e":"7 minutes"},"schema":{"@context":"https:\/\/schema.org","@graph":[{"@type":"Article","@id":"https:\/\/maclabi.fr\/index.php\/2025\/08\/30\/information-ou-desinformation\/#article","isPartOf":{"@id":"https:\/\/maclabi.fr\/index.php\/2025\/08\/30\/information-ou-desinformation\/"},"author":{"name":"Maurice","@id":"https:\/\/maclabi.fr\/#\/schema\/person\/22f8aff35e6205e5d8493a59eb7bb473"},"headline":"Information ou d\u00e9sinformation\u00a0?","datePublished":"2025-08-30T17:28:11+00:00","dateModified":"2025-08-30T17:30:50+00:00","mainEntityOfPage":{"@id":"https:\/\/maclabi.fr\/index.php\/2025\/08\/30\/information-ou-desinformation\/"},"wordCount":1187,"commentCount":0,"publisher":{"@id":"https:\/\/maclabi.fr\/#\/schema\/person\/22f8aff35e6205e5d8493a59eb7bb473"},"image":{"@id":"https:\/\/maclabi.fr\/index.php\/2025\/08\/30\/information-ou-desinformation\/#primaryimage"},"thumbnailUrl":"https:\/\/maclabi.fr\/wp-content\/uploads\/2025\/08\/gpes-de-presse.png","articleSection":["politique"],"inLanguage":"fr-FR","potentialAction":[{"@type":"CommentAction","name":"Comment","target":["https:\/\/maclabi.fr\/index.php\/2025\/08\/30\/information-ou-desinformation\/#respond"]}]},{"@type":"WebPage","@id":"https:\/\/maclabi.fr\/index.php\/2025\/08\/30\/information-ou-desinformation\/","url":"https:\/\/maclabi.fr\/index.php\/2025\/08\/30\/information-ou-desinformation\/","name":"Information ou d\u00e9sinformation\u00a0? - politique","isPartOf":{"@id":"https:\/\/maclabi.fr\/#website"},"primaryImageOfPage":{"@id":"https:\/\/maclabi.fr\/index.php\/2025\/08\/30\/information-ou-desinformation\/#primaryimage"},"image":{"@id":"https:\/\/maclabi.fr\/index.php\/2025\/08\/30\/information-ou-desinformation\/#primaryimage"},"thumbnailUrl":"https:\/\/maclabi.fr\/wp-content\/uploads\/2025\/08\/gpes-de-presse.png","datePublished":"2025-08-30T17:28:11+00:00","dateModified":"2025-08-30T17:30:50+00:00","description":"La publicit\u00e9 utilise souvent l\u2019expression \u00ab\u00a0vu \u00e0 la t\u00e9l\u00e9vision\u00a0\u00bb pour convaincre que le produit pr\u00e9sent\u00e9 est un bon produit. C\u2019est sans doute pourquoi les","breadcrumb":{"@id":"https:\/\/maclabi.fr\/index.php\/2025\/08\/30\/information-ou-desinformation\/#breadcrumb"},"inLanguage":"fr-FR","potentialAction":[{"@type":"ReadAction","target":["https:\/\/maclabi.fr\/index.php\/2025\/08\/30\/information-ou-desinformation\/"]}]},{"@type":"ImageObject","inLanguage":"fr-FR","@id":"https:\/\/maclabi.fr\/index.php\/2025\/08\/30\/information-ou-desinformation\/#primaryimage","url":"https:\/\/maclabi.fr\/wp-content\/uploads\/2025\/08\/gpes-de-presse.png","contentUrl":"https:\/\/maclabi.fr\/wp-content\/uploads\/2025\/08\/gpes-de-presse.png","width":672,"height":502},{"@type":"BreadcrumbList","@id":"https:\/\/maclabi.fr\/index.php\/2025\/08\/30\/information-ou-desinformation\/#breadcrumb","itemListElement":[{"@type":"ListItem","position":1,"name":"Accueil","item":"https:\/\/maclabi.fr\/"},{"@type":"ListItem","position":2,"name":"Information ou d\u00e9sinformation\u00a0?"}]},{"@type":"WebSite","@id":"https:\/\/maclabi.fr\/#website","url":"https:\/\/maclabi.fr\/","name":"Blog citoyen - Changer de monde","description":"Sortir du politiquement correct","publisher":{"@id":"https:\/\/maclabi.fr\/#\/schema\/person\/22f8aff35e6205e5d8493a59eb7bb473"},"potentialAction":[{"@type":"SearchAction","target":{"@type":"EntryPoint","urlTemplate":"https:\/\/maclabi.fr\/?s={search_term_string}"},"query-input":{"@type":"PropertyValueSpecification","valueRequired":true,"valueName":"search_term_string"}}],"inLanguage":"fr-FR"},{"@type":["Person","Organization"],"@id":"https:\/\/maclabi.fr\/#\/schema\/person\/22f8aff35e6205e5d8493a59eb7bb473","name":"Maurice","pronouns":"il","image":{"@type":"ImageObject","inLanguage":"fr-FR","@id":"https:\/\/secure.gravatar.com\/avatar\/8c8fde46cf96c88a1c3f545403dc0898a58a125164e99f209dc2b50df4fdfcd5?s=96&d=mm&r=g","url":"https:\/\/secure.gravatar.com\/avatar\/8c8fde46cf96c88a1c3f545403dc0898a58a125164e99f209dc2b50df4fdfcd5?s=96&d=mm&r=g","contentUrl":"https:\/\/secure.gravatar.com\/avatar\/8c8fde46cf96c88a1c3f545403dc0898a58a125164e99f209dc2b50df4fdfcd5?s=96&d=mm&r=g","caption":"Maurice"},"logo":{"@id":"https:\/\/secure.gravatar.com\/avatar\/8c8fde46cf96c88a1c3f545403dc0898a58a125164e99f209dc2b50df4fdfcd5?s=96&d=mm&r=g"},"description":"Retrait\u00e9, dipl\u00f4m\u00e9 en sciences \u00e9conomiques, j'ai \u00e9t\u00e9 enseignant, chercheur en sciences sociales, syndicaliste, mutualiste militant, chef d'entreprise d\u2019\u00e9conomie sociale. Depuis mes \u00e9tudes je suis int\u00e9ress\u00e9 par l'\u00e9pist\u00e9mologie en sciences sociales et la pluridisciplinarit\u00e9. J'ai cr\u00e9\u00e9 ce blog pour m'exprimer et \u00e9changer avec ceux qui le souhaitent.","url":"https:\/\/maclabi.fr\/index.php\/author\/admin5461\/"}]}},"_links":{"self":[{"href":"https:\/\/maclabi.fr\/index.php\/wp-json\/wp\/v2\/posts\/1509","targetHints":{"allow":["GET"]}}],"collection":[{"href":"https:\/\/maclabi.fr\/index.php\/wp-json\/wp\/v2\/posts"}],"about":[{"href":"https:\/\/maclabi.fr\/index.php\/wp-json\/wp\/v2\/types\/post"}],"author":[{"embeddable":true,"href":"https:\/\/maclabi.fr\/index.php\/wp-json\/wp\/v2\/users\/1"}],"replies":[{"embeddable":true,"href":"https:\/\/maclabi.fr\/index.php\/wp-json\/wp\/v2\/comments?post=1509"}],"version-history":[{"count":4,"href":"https:\/\/maclabi.fr\/index.php\/wp-json\/wp\/v2\/posts\/1509\/revisions"}],"predecessor-version":[{"id":1516,"href":"https:\/\/maclabi.fr\/index.php\/wp-json\/wp\/v2\/posts\/1509\/revisions\/1516"}],"wp:attachment":[{"href":"https:\/\/maclabi.fr\/index.php\/wp-json\/wp\/v2\/media?parent=1509"}],"wp:term":[{"taxonomy":"category","embeddable":true,"href":"https:\/\/maclabi.fr\/index.php\/wp-json\/wp\/v2\/categories?post=1509"},{"taxonomy":"post_tag","embeddable":true,"href":"https:\/\/maclabi.fr\/index.php\/wp-json\/wp\/v2\/tags?post=1509"}],"curies":[{"name":"wp","href":"https:\/\/api.w.org\/{rel}","templated":true}]}}