{"id":1438,"date":"2025-05-26T00:40:47","date_gmt":"2025-05-25T22:40:47","guid":{"rendered":"https:\/\/maclabi.fr\/?p=1438"},"modified":"2025-05-26T00:43:10","modified_gmt":"2025-05-25T22:43:10","slug":"faire-face-a-la-montee-des-extremes","status":"publish","type":"post","link":"https:\/\/maclabi.fr\/index.php\/2025\/05\/26\/faire-face-a-la-montee-des-extremes\/","title":{"rendered":"Faire face \u00e0 la mont\u00e9e des extr\u00eames"},"content":{"rendered":"\n<p>Afin de d\u00e9terminer le r\u00f4le que devraient assumer les humanistes universalistes face \u00e0 la mont\u00e9e des extr\u00eames, nous allons pr\u00e9senter dans un premier temps le contexte actuel du monde et de l\u2019Europe. Dans un deuxi\u00e8me temps nous examinerons les valeurs sur lesquelles repose l\u2019humanisme universaliste. Pour terminer nous aborderons le r\u00f4le qu\u2019il peut tenir dans la bataille des id\u00e9es.<\/p>\n\n\n<div class=\"wp-block-image\">\n<figure class=\"aligncenter size-full is-resized\"><img loading=\"lazy\" decoding=\"async\" width=\"625\" height=\"625\" src=\"https:\/\/maclabi.fr\/wp-content\/uploads\/2025\/05\/Sans-titre.png\" alt=\"\" class=\"wp-image-1439\" style=\"width:233px;height:auto\" srcset=\"https:\/\/maclabi.fr\/wp-content\/uploads\/2025\/05\/Sans-titre.png 625w, https:\/\/maclabi.fr\/wp-content\/uploads\/2025\/05\/Sans-titre-300x300.png 300w, https:\/\/maclabi.fr\/wp-content\/uploads\/2025\/05\/Sans-titre-150x150.png 150w\" sizes=\"auto, (max-width: 709px) 85vw, (max-width: 909px) 67vw, (max-width: 984px) 61vw, (max-width: 1362px) 45vw, 600px\" \/><\/figure>\n<\/div>\n\n\n<h5 class=\"wp-block-heading\"><strong>Le contexte<\/strong> actuel du monde et de l&rsquo;Europe<\/h5>\n\n\n\n<p>L\u2019\u00e9nonc\u00e9 des \u00e9v\u00e8nements de ces derni\u00e8res ann\u00e9es ne poussent pas naturellement \u00e0 l\u2019optimisme. La pand\u00e9mie du Covid 19, le changement climatique, le recul de la biodiversit\u00e9, le bouleversement de l\u2019ordre du monde, la guerre en Ukraine, le risque d\u2019un retour de la guerre en Europe et de la menace atomique, la guerre au proche orient, la r\u00e9surgence des totalitarismes, le retour des attentats, la forte concentration des richesses, l\u2019accroissement des in\u00e9galit\u00e9s, le d\u00e9veloppement de l\u2019ins\u00e9curit\u00e9 sociale\u2026 et cette \u00e9num\u00e9ration n\u2019est malheureusement pas exhaustive. Le monde se transforme \u00e0 tr\u00e8s grande vitesse. Les bouleversements sont multiples \u00e0 tous les niveaux. Les d\u00e9fis auxquels la plan\u00e8te se trouve confront\u00e9e sont d\u2019ordre climatique, \u00e9conomique, politique, et technologique. Les probl\u00e8mes sont universels et les r\u00e9ponses sont fragment\u00e9es. Aucun pays seul ne peut faire face \u00e0 chacun de ces d\u00e9fis.<\/p>\n\n\n<div class=\"wp-block-image\">\n<figure class=\"aligncenter size-full is-resized\"><img loading=\"lazy\" decoding=\"async\" width=\"604\" height=\"550\" src=\"https:\/\/maclabi.fr\/wp-content\/uploads\/2019\/12\/Sans-titre-1.png\" alt=\"\" class=\"wp-image-39\" style=\"width:286px;height:auto\" srcset=\"https:\/\/maclabi.fr\/wp-content\/uploads\/2019\/12\/Sans-titre-1.png 604w, https:\/\/maclabi.fr\/wp-content\/uploads\/2019\/12\/Sans-titre-1-300x273.png 300w\" sizes=\"auto, (max-width: 709px) 85vw, (max-width: 909px) 67vw, (max-width: 984px) 61vw, (max-width: 1362px) 45vw, 600px\" \/><\/figure>\n<\/div>\n\n\n<p>L\u2019ann\u00e9e 2024 a vu se d\u00e9rouler plusieurs dizaines d\u2019\u00e9lections en Europe et dans le monde. Le parlement de l\u2019Union Europ\u00e9enne a connu une forte pouss\u00e9e des extr\u00eames en m\u00eame temps que des changements de majorit\u00e9 allant dans le m\u00eame sens dans les pays membres. La nouvelle administration am\u00e9ricaine met en application ce que le nouveau pr\u00e9sident avait annonc\u00e9 durant la campagne \u00e9lectorale. La politique d\u2019alliance en vigueur depuis la fin de la deuxi\u00e8me guerre mondiale est remise en question. \u00ab&nbsp;L\u2019Am\u00e9rica first&nbsp;\u00bb et le \u00ab&nbsp;Make Am\u00e9rica Great Again&nbsp;\u00bb remettent en cause tous les \u00e9quilibres que l\u2019on croyait acquis. Apr\u00e8s une longue p\u00e9riode de paix nous vivons une p\u00e9riode d\u2019instabilit\u00e9 dont il est difficile de voir l\u2019aboutissement. Les \u00c9tats Unis et la Chine ne s\u00e9parent pas int\u00e9r\u00eats \u00e9conomiques et int\u00e9r\u00eats g\u00e9ostrat\u00e9giques. La Russie ne r\u00eave que de reconstituer son empire pass\u00e9. Les europ\u00e9ens, s\u2019ils veulent \u00e9viter la vassalisation et vivre dans un monde fa\u00e7onn\u00e9 par d\u2019autres, doivent faire de la souverainet\u00e9 europ\u00e9enne et son autonomie strat\u00e9gique une priorit\u00e9 incontournable.<\/p>\n\n\n<div class=\"wp-block-image\">\n<figure class=\"aligncenter size-full is-resized\"><img loading=\"lazy\" decoding=\"async\" width=\"640\" height=\"552\" src=\"https:\/\/maclabi.fr\/wp-content\/uploads\/2023\/03\/warning-g0181d070a_640.png\" alt=\"\" class=\"wp-image-1045\" style=\"width:264px;height:auto\" srcset=\"https:\/\/maclabi.fr\/wp-content\/uploads\/2023\/03\/warning-g0181d070a_640.png 640w, https:\/\/maclabi.fr\/wp-content\/uploads\/2023\/03\/warning-g0181d070a_640-300x259.png 300w\" sizes=\"auto, (max-width: 709px) 85vw, (max-width: 909px) 67vw, (max-width: 984px) 61vw, (max-width: 1362px) 45vw, 600px\" \/><\/figure>\n<\/div>\n\n\n<p>La mont\u00e9e des extr\u00eames, qu\u2019ils soient politiques, religieux ou id\u00e9ologiques, constitue l\u2019un des d\u00e9fis majeurs auxquels l\u2019Europe est confront\u00e9e aujourd\u2019hui. Les extr\u00eames se caract\u00e9risent souvent par un rejet de la complexit\u00e9 du monde, un refus du dialogue et une tentation de simplifier les enjeux soci\u00e9taux. L\u2019antis\u00e9mitisme et le racisme antimusulman sont utilis\u00e9s comme un moyen de mobiliser la col\u00e8re et justifier des actions radicales.<\/p>\n\n\n<div class=\"wp-block-image\">\n<figure class=\"aligncenter size-large is-resized\"><img loading=\"lazy\" decoding=\"async\" width=\"1024\" height=\"294\" src=\"https:\/\/maclabi.fr\/wp-content\/uploads\/2022\/12\/dictatorship-g5b2e2e75f_1280-1024x294.png\" alt=\"\" class=\"wp-image-1019\" style=\"width:266px;height:auto\" srcset=\"https:\/\/maclabi.fr\/wp-content\/uploads\/2022\/12\/dictatorship-g5b2e2e75f_1280-1024x294.png 1024w, https:\/\/maclabi.fr\/wp-content\/uploads\/2022\/12\/dictatorship-g5b2e2e75f_1280-300x86.png 300w, https:\/\/maclabi.fr\/wp-content\/uploads\/2022\/12\/dictatorship-g5b2e2e75f_1280-768x221.png 768w, https:\/\/maclabi.fr\/wp-content\/uploads\/2022\/12\/dictatorship-g5b2e2e75f_1280-1200x345.png 1200w, https:\/\/maclabi.fr\/wp-content\/uploads\/2022\/12\/dictatorship-g5b2e2e75f_1280.png 1280w\" sizes=\"auto, (max-width: 709px) 85vw, (max-width: 909px) 67vw, (max-width: 1362px) 62vw, 840px\" \/><\/figure>\n<\/div>\n\n\n<p>Comme disent certains, nous pouvons constater qu\u2019il r\u00e8gne aujourd\u2019hui \u00ab&nbsp;une atmosph\u00e8re&nbsp;\u00bb de populisme. L\u2019\u00e8re du temps est marqu\u00e9e par l\u2019effacement des vieux partis devant de nouveaux mouvements politiques form\u00e9s dans le sillage d\u2019une personnalit\u00e9 dont ils accompagnent l\u2019ascension. Le d\u00e9senchantement d\u00e9mocratique contemporain s\u2019inscrit dans la culture politique diffuse du populisme. De grands th\u00e8mes populistes comme l\u2019appel au d\u00e9veloppement des r\u00e9f\u00e9rendums et la philosophie nationale-protectionniste impr\u00e8gnent beaucoup plus qu\u2019avant des soci\u00e9t\u00e9s en panne de projets de solidarit\u00e9s. Les diff\u00e9rentes passions populistes irriguent les esprits dans les d\u00e9mocraties fragilis\u00e9es du XXI\u00e8me si\u00e8cle, cela \u00e9vite de se confronter \u00e0 la complexit\u00e9 du monde r\u00e9el.<\/p>\n\n\n<div class=\"wp-block-image\">\n<figure class=\"aligncenter size-large is-resized\"><img loading=\"lazy\" decoding=\"async\" width=\"1024\" height=\"771\" src=\"https:\/\/maclabi.fr\/wp-content\/uploads\/2025\/05\/demagogue-2193093_1280-1024x771.jpg\" alt=\"\" class=\"wp-image-1443\" style=\"width:292px;height:auto\" srcset=\"https:\/\/maclabi.fr\/wp-content\/uploads\/2025\/05\/demagogue-2193093_1280-1024x771.jpg 1024w, https:\/\/maclabi.fr\/wp-content\/uploads\/2025\/05\/demagogue-2193093_1280-300x226.jpg 300w, https:\/\/maclabi.fr\/wp-content\/uploads\/2025\/05\/demagogue-2193093_1280-768x578.jpg 768w, https:\/\/maclabi.fr\/wp-content\/uploads\/2025\/05\/demagogue-2193093_1280-1200x904.jpg 1200w, https:\/\/maclabi.fr\/wp-content\/uploads\/2025\/05\/demagogue-2193093_1280.jpg 1280w\" sizes=\"auto, (max-width: 709px) 85vw, (max-width: 909px) 67vw, (max-width: 1362px) 62vw, 840px\" \/><\/figure>\n<\/div>\n\n\n<p>C\u2019est devant cette complexit\u00e9 du monde que se trouve confront\u00e9e l\u2019humaniste universaliste.<\/p>\n\n\n\n<h5 class=\"wp-block-heading\"><strong>Les valeurs humanistes universalistes<\/strong><\/h5>\n\n\n\n<p>Les humanistes universalistes, h\u00e9ritiers de la culture des Lumi\u00e8res, porteurs des valeurs humanistes, sont au c\u0153ur des d\u00e9bats sur la d\u00e9mocratie, la tol\u00e9rance et la libert\u00e9. Depuis leur \u00e9mergence au XVIII\u00e8me si\u00e8cle ils ont toujours \u00e9t\u00e9 des acteurs engag\u00e9s dans la promotion des valeurs de raison, de fraternit\u00e9 et de progr\u00e8s social. Ils ont pour principe la libert\u00e9 de conscience. Ils consid\u00e8rent la morale comme ind\u00e9pendante de toute religion ou conception m\u00e9taphysique et estiment que les conceptions m\u00e9taphysiques rel\u00e8vent du domaine exclusif de l\u2019appr\u00e9ciation individuelle de chacun. Ils se refusent \u00e0 toute affirmation dogmatique. Chacun doit se lib\u00e9rer de tout pr\u00e9jug\u00e9 et apprendre \u00e0 penser, \u00e0 juger, \u00e0 d\u00e9cider par lui-m\u00eame en appliquant la maxime d\u2019Emmanuel Kant&nbsp;: \u00ab Sapere Aude&nbsp;\u00bb, pense par toi-m\u00eame.<\/p>\n\n\n<div class=\"wp-block-image\">\n<figure class=\"aligncenter size-full is-resized\"><img loading=\"lazy\" decoding=\"async\" width=\"300\" height=\"375\" src=\"https:\/\/maclabi.fr\/wp-content\/uploads\/2024\/01\/kant.png\" alt=\"\" class=\"wp-image-1200\" style=\"width:270px;height:auto\" srcset=\"https:\/\/maclabi.fr\/wp-content\/uploads\/2024\/01\/kant.png 300w, https:\/\/maclabi.fr\/wp-content\/uploads\/2024\/01\/kant-240x300.png 240w\" sizes=\"auto, (max-width: 300px) 85vw, 300px\" \/><\/figure>\n<\/div>\n\n\n<p>Les humanistes universalistes sont redevables aux Lumi\u00e8res pour les plus belles de leurs valeurs, celles qui les incitent \u00e0 s\u2019am\u00e9liorer et \u00e0 am\u00e9liorer le monde qui les entoure, la tol\u00e9rance religieuse, une vision \u00e9galitaire des \u00eatres humains et de tous les peuples.<\/p>\n\n\n\n<p>La philosophie humaniste consid\u00e8re que l\u2019humanit\u00e9 est source de toute valeur et que tous les \u00eatres humains ont une valeur \u00e9gale. L&rsquo;exercice des droits naturels de chaque homme n&rsquo;a de bornes que celles qui assurent aux autres membres de la soci\u00e9t\u00e9 la jouissance de ces m\u00eames droits. Les dissemblances individuelles, les appartenances diverses, les langues, les diff\u00e9rences sociales ne doivent pas \u00eatre un obstacle \u00e0 rassembler dans une perspective \u00e9mancipatrice. L\u2019universel n\u2019est pas l\u2019ignorance de la pluralit\u00e9 humaine. Le projet humaniste est de d\u00e9passer les singularit\u00e9s par la mobilisation de tous pour \u0153uvrer \u00e0 la construction d\u2019une humanit\u00e9 plus \u00e9clair\u00e9e.<\/p>\n\n\n<div class=\"wp-block-image\">\n<figure class=\"aligncenter size-full is-resized\"><img loading=\"lazy\" decoding=\"async\" width=\"450\" height=\"273\" src=\"https:\/\/maclabi.fr\/wp-content\/uploads\/2020\/12\/illustration-plus-regard-e\u0301tude-clip-art_csp86289228.jpg\" alt=\"\" class=\"wp-image-602\" style=\"width:411px;height:auto\" srcset=\"https:\/\/maclabi.fr\/wp-content\/uploads\/2020\/12\/illustration-plus-regard-e\u0301tude-clip-art_csp86289228.jpg 450w, https:\/\/maclabi.fr\/wp-content\/uploads\/2020\/12\/illustration-plus-regard-e\u0301tude-clip-art_csp86289228-300x182.jpg 300w\" sizes=\"auto, (max-width: 450px) 85vw, 450px\" \/><\/figure>\n<\/div>\n\n\n<p>La soci\u00e9t\u00e9 est le fruit d\u2019un travail guid\u00e9 par la loi que les humains se donnent. Cette loi \u00e9volue dans le temps, elle peut \u00eatre abolie, modifi\u00e9e, remplac\u00e9e. L\u2019avenir n\u2019est jamais \u00e9crit de mani\u00e8re d\u00e9finitive. C\u2019est sur base de ces valeurs et dans la perspective de la construction d\u2019une soci\u00e9t\u00e9 plus \u00e9clair\u00e9e que les humanistes universalistes doivent envisager leur action.<\/p>\n\n\n\n<h5 class=\"wp-block-heading\"><strong>Participer \u00e0 la bataille des id\u00e9es<\/strong><\/h5>\n\n\n\n<p>Dans ce d\u00e9but de XXI\u00e8me si\u00e8cle marqu\u00e9 par un horizon menac\u00e9 par la temp\u00eate, l\u2019on assiste \u00e0 ce qui semble \u00eatre le triomphe des obscurantismes, du relativisme culturel, du tribalisme, de l\u2019ethnicisme et de la r\u00e9habilitation de la notion de \u00ab&nbsp;race&nbsp;\u00bb, la mont\u00e9e des extr\u00eames, le d\u00e9veloppement du populisme, le bouleversement de l\u2019ordre du monde, le retour des empires et de la loi du plus fort. Face \u00e0 cette \u00e9volution, <strong>il est indispensable d\u2019accompagner toutes les pens\u00e9es qui r\u00e9sistent \u00e0 la r\u00e9signation par une volont\u00e9 d\u2019action<\/strong>.<\/p>\n\n\n<div class=\"wp-block-image\">\n<figure class=\"aligncenter size-large is-resized\"><img loading=\"lazy\" decoding=\"async\" width=\"1024\" height=\"606\" src=\"https:\/\/maclabi.fr\/wp-content\/uploads\/2021\/03\/demonstration-2137449_1280-1024x606.png\" alt=\"\" class=\"wp-image-702\" style=\"width:331px;height:auto\" srcset=\"https:\/\/maclabi.fr\/wp-content\/uploads\/2021\/03\/demonstration-2137449_1280-1024x606.png 1024w, https:\/\/maclabi.fr\/wp-content\/uploads\/2021\/03\/demonstration-2137449_1280-300x178.png 300w, https:\/\/maclabi.fr\/wp-content\/uploads\/2021\/03\/demonstration-2137449_1280-768x455.png 768w, https:\/\/maclabi.fr\/wp-content\/uploads\/2021\/03\/demonstration-2137449_1280-1200x711.png 1200w, https:\/\/maclabi.fr\/wp-content\/uploads\/2021\/03\/demonstration-2137449_1280.png 1280w\" sizes=\"auto, (max-width: 709px) 85vw, (max-width: 909px) 67vw, (max-width: 1362px) 62vw, 840px\" \/><\/figure>\n<\/div>\n\n\n<p>Les humanistes universalistes doivent promouvoir les principes auxquels ils sont attach\u00e9s pour d\u00e9passer l\u2019inqui\u00e9tude suscit\u00e9e par l\u2019\u00e9volution du monde. Nous devons nous mobiliser quotidiennement pour <strong>RESISTER&nbsp;:<\/strong><\/p>\n\n\n\n<ul class=\"wp-block-list\">\n<li>R\u00e9sister aux atteintes \u00e0 la libert\u00e9 de conscience en restant fermes face \u00e0 la radicalit\u00e9 et l\u2019extr\u00e9misme religieux<\/li>\n\n\n\n<li>R\u00e9sister en combattant l\u2019ignorance et le fanatisme<\/li>\n\n\n\n<li>R\u00e9sister en luttant contre toutes les discriminations, la x\u00e9nophobie, l\u2019antis\u00e9mitisme et toutes les formes de racisme<\/li>\n\n\n\n<li>R\u00e9sister aux p\u00e9rils identitaires par la promotion de l\u2019universalisme dans le respect de la diversit\u00e9 humaine et le refus de tout communautarisme.<\/li>\n\n\n\n<li>R\u00e9sister aux mises en cause de la d\u00e9mocratie<\/li>\n\n\n\n<li>R\u00e9sister \u00e0 ceux qui restent sourds au changement climatique et \u00e0 la destruction de la biodiversit\u00e9<\/li>\n\n\n\n<li>R\u00e9sister au d\u00e9veloppement des in\u00e9galit\u00e9s<\/li>\n<\/ul>\n\n\n<div class=\"wp-block-image\">\n<figure class=\"aligncenter size-large is-resized\"><img loading=\"lazy\" decoding=\"async\" width=\"1024\" height=\"643\" src=\"https:\/\/maclabi.fr\/wp-content\/uploads\/2025\/05\/ai-generated-9425697_1280-3-1024x643.png\" alt=\"\" class=\"wp-image-1448\" style=\"width:384px;height:auto\" srcset=\"https:\/\/maclabi.fr\/wp-content\/uploads\/2025\/05\/ai-generated-9425697_1280-3-1024x643.png 1024w, https:\/\/maclabi.fr\/wp-content\/uploads\/2025\/05\/ai-generated-9425697_1280-3-300x188.png 300w, https:\/\/maclabi.fr\/wp-content\/uploads\/2025\/05\/ai-generated-9425697_1280-3-768x482.png 768w, https:\/\/maclabi.fr\/wp-content\/uploads\/2025\/05\/ai-generated-9425697_1280-3-1200x754.png 1200w, https:\/\/maclabi.fr\/wp-content\/uploads\/2025\/05\/ai-generated-9425697_1280-3.png 1280w\" sizes=\"auto, (max-width: 709px) 85vw, (max-width: 909px) 67vw, (max-width: 1362px) 62vw, 840px\" \/><\/figure>\n<\/div>\n\n\n<p>En un mot r\u00e9sister pour d\u00e9fendre l\u2019\u00e9mancipation de l\u2019\u00eatre humain dans une soci\u00e9t\u00e9 d\u00e9mocratique, la\u00efque et sociale, plus juste et plus \u00e9clair\u00e9e. Une soci\u00e9t\u00e9 qui concr\u00e9tise notre devise r\u00e9publicaine&nbsp;: \u00ab&nbsp;Libert\u00e9, \u00c9galit\u00e9, Fraternit\u00e9&nbsp;\u00bb. Une soci\u00e9t\u00e9 qui respecte la La\u00efcit\u00e9 comme principe fondamental et qui place la loi des humains devant toute \u00e9ventuelle loi divine. Une soci\u00e9t\u00e9 qui garantit la libert\u00e9 de conscience pour tous.<\/p>\n\n\n<div class=\"wp-block-image\">\n<figure class=\"aligncenter size-large is-resized\"><img loading=\"lazy\" decoding=\"async\" width=\"1024\" height=\"1024\" src=\"https:\/\/maclabi.fr\/wp-content\/uploads\/2022\/01\/democracy-g110922401_1280-1024x1024.jpg\" alt=\"\" class=\"wp-image-833\" style=\"width:293px;height:auto\" srcset=\"https:\/\/maclabi.fr\/wp-content\/uploads\/2022\/01\/democracy-g110922401_1280-1024x1024.jpg 1024w, https:\/\/maclabi.fr\/wp-content\/uploads\/2022\/01\/democracy-g110922401_1280-300x300.jpg 300w, https:\/\/maclabi.fr\/wp-content\/uploads\/2022\/01\/democracy-g110922401_1280-150x150.jpg 150w, https:\/\/maclabi.fr\/wp-content\/uploads\/2022\/01\/democracy-g110922401_1280-768x768.jpg 768w, https:\/\/maclabi.fr\/wp-content\/uploads\/2022\/01\/democracy-g110922401_1280-1200x1200.jpg 1200w, https:\/\/maclabi.fr\/wp-content\/uploads\/2022\/01\/democracy-g110922401_1280.jpg 1280w\" sizes=\"auto, (max-width: 709px) 85vw, (max-width: 909px) 67vw, (max-width: 1362px) 62vw, 840px\" \/><\/figure>\n<\/div>\n\n\n<p>C\u2019est par cette action de r\u00e9sistance pour promouvoir un monde meilleur que nous pouvons d\u00e9passer l\u2019inqui\u00e9tude que ne manque pas de susciter l\u2019\u00e9volution du monde. Nous ne pouvons pas nous contenter de n\u2019\u00eatre qu\u2019une philosophie de l\u2019incantation. Nous ne nous r\u00e9signons pas, nous ne croyons pas en la fatalit\u00e9 du monde. Nous nous devons d\u2019\u00eatre une philosophie de r\u00e9flexion critique, de l\u2019engagement, de l\u2019\u00e9mancipation et du souci du bien commun.<\/p>\n\n\n<div class=\"wp-block-image\">\n<figure class=\"aligncenter size-full is-resized\"><img loading=\"lazy\" decoding=\"async\" width=\"474\" height=\"623\" src=\"https:\/\/maclabi.fr\/wp-content\/uploads\/2024\/11\/Doits-de-lhomme.webp\" alt=\"\" class=\"wp-image-1355\" style=\"width:313px;height:auto\" srcset=\"https:\/\/maclabi.fr\/wp-content\/uploads\/2024\/11\/Doits-de-lhomme.webp 474w, https:\/\/maclabi.fr\/wp-content\/uploads\/2024\/11\/Doits-de-lhomme-228x300.webp 228w\" sizes=\"auto, (max-width: 474px) 85vw, 474px\" \/><\/figure>\n<\/div>","protected":false},"excerpt":{"rendered":"<p>Afin de d\u00e9terminer le r\u00f4le que devraient assumer les humanistes universalistes face \u00e0 la mont\u00e9e des extr\u00eames, nous allons pr\u00e9senter dans un premier temps le contexte actuel du monde et de l\u2019Europe. Dans un deuxi\u00e8me temps nous examinerons les valeurs sur lesquelles repose l\u2019humanisme universaliste. Pour terminer nous aborderons le r\u00f4le qu\u2019il peut tenir dans &hellip; <a href=\"https:\/\/maclabi.fr\/index.php\/2025\/05\/26\/faire-face-a-la-montee-des-extremes\/\" class=\"more-link\">Continuer la lecture<span class=\"screen-reader-text\"> de &laquo;&nbsp;Faire face \u00e0 la mont\u00e9e des extr\u00eames&nbsp;&raquo;<\/span><\/a><\/p>\n","protected":false},"author":1,"featured_media":0,"comment_status":"open","ping_status":"open","sticky":false,"template":"","format":"standard","meta":{"footnotes":""},"categories":[10],"tags":[],"class_list":["post-1438","post","type-post","status-publish","format-standard","hentry","category-politique"],"yoast_head":"<!-- This site is optimized with the Yoast SEO plugin v27.5 - https:\/\/yoast.com\/product\/yoast-seo-wordpress\/ -->\n<title>Faire face \u00e0 la mont\u00e9e des extr\u00eames - politique<\/title>\n<meta name=\"description\" content=\"Afin de d\u00e9terminer le r\u00f4le que devraient assumer les humanistes universalistes face \u00e0 la mont\u00e9e des extr\u00eames, nous allons pr\u00e9senter dans un premier temps\" \/>\n<meta name=\"robots\" content=\"index, follow, max-snippet:-1, max-image-preview:large, max-video-preview:-1\" \/>\n<link rel=\"canonical\" href=\"https:\/\/maclabi.fr\/index.php\/2025\/05\/26\/faire-face-a-la-montee-des-extremes\/\" \/>\n<meta property=\"og:locale\" content=\"fr_FR\" \/>\n<meta property=\"og:type\" content=\"article\" \/>\n<meta property=\"og:title\" content=\"Faire face \u00e0 la mont\u00e9e des extr\u00eames - politique\" \/>\n<meta property=\"og:description\" content=\"Afin de d\u00e9terminer le r\u00f4le que devraient assumer les humanistes universalistes face \u00e0 la mont\u00e9e des extr\u00eames, nous allons pr\u00e9senter dans un premier temps\" \/>\n<meta property=\"og:url\" content=\"https:\/\/maclabi.fr\/index.php\/2025\/05\/26\/faire-face-a-la-montee-des-extremes\/\" \/>\n<meta property=\"og:site_name\" content=\"Blog citoyen - Changer de monde\" \/>\n<meta property=\"article:published_time\" content=\"2025-05-25T22:40:47+00:00\" \/>\n<meta property=\"article:modified_time\" content=\"2025-05-25T22:43:10+00:00\" \/>\n<meta property=\"og:image\" content=\"http:\/\/maclabi.fr\/wp-content\/uploads\/2025\/05\/Sans-titre.png\" \/>\n<meta name=\"author\" content=\"Maurice\" \/>\n<meta name=\"twitter:card\" content=\"summary_large_image\" \/>\n<meta name=\"twitter:label1\" content=\"\u00c9crit par\" \/>\n\t<meta name=\"twitter:data1\" content=\"Maurice\" \/>\n\t<meta name=\"twitter:label2\" content=\"Dur\u00e9e de lecture estim\u00e9e\" \/>\n\t<meta name=\"twitter:data2\" content=\"9 minutes\" \/>\n<script type=\"application\/ld+json\" class=\"yoast-schema-graph\">{\"@context\":\"https:\\\/\\\/schema.org\",\"@graph\":[{\"@type\":\"Article\",\"@id\":\"https:\\\/\\\/maclabi.fr\\\/index.php\\\/2025\\\/05\\\/26\\\/faire-face-a-la-montee-des-extremes\\\/#article\",\"isPartOf\":{\"@id\":\"https:\\\/\\\/maclabi.fr\\\/index.php\\\/2025\\\/05\\\/26\\\/faire-face-a-la-montee-des-extremes\\\/\"},\"author\":{\"name\":\"Maurice\",\"@id\":\"https:\\\/\\\/maclabi.fr\\\/#\\\/schema\\\/person\\\/22f8aff35e6205e5d8493a59eb7bb473\"},\"headline\":\"Faire face \u00e0 la mont\u00e9e des extr\u00eames\",\"datePublished\":\"2025-05-25T22:40:47+00:00\",\"dateModified\":\"2025-05-25T22:43:10+00:00\",\"mainEntityOfPage\":{\"@id\":\"https:\\\/\\\/maclabi.fr\\\/index.php\\\/2025\\\/05\\\/26\\\/faire-face-a-la-montee-des-extremes\\\/\"},\"wordCount\":1462,\"commentCount\":1,\"publisher\":{\"@id\":\"https:\\\/\\\/maclabi.fr\\\/#\\\/schema\\\/person\\\/22f8aff35e6205e5d8493a59eb7bb473\"},\"image\":{\"@id\":\"https:\\\/\\\/maclabi.fr\\\/index.php\\\/2025\\\/05\\\/26\\\/faire-face-a-la-montee-des-extremes\\\/#primaryimage\"},\"thumbnailUrl\":\"http:\\\/\\\/maclabi.fr\\\/wp-content\\\/uploads\\\/2025\\\/05\\\/Sans-titre.png\",\"articleSection\":[\"politique\"],\"inLanguage\":\"fr-FR\",\"potentialAction\":[{\"@type\":\"CommentAction\",\"name\":\"Comment\",\"target\":[\"https:\\\/\\\/maclabi.fr\\\/index.php\\\/2025\\\/05\\\/26\\\/faire-face-a-la-montee-des-extremes\\\/#respond\"]}]},{\"@type\":\"WebPage\",\"@id\":\"https:\\\/\\\/maclabi.fr\\\/index.php\\\/2025\\\/05\\\/26\\\/faire-face-a-la-montee-des-extremes\\\/\",\"url\":\"https:\\\/\\\/maclabi.fr\\\/index.php\\\/2025\\\/05\\\/26\\\/faire-face-a-la-montee-des-extremes\\\/\",\"name\":\"Faire face \u00e0 la mont\u00e9e des extr\u00eames - politique\",\"isPartOf\":{\"@id\":\"https:\\\/\\\/maclabi.fr\\\/#website\"},\"primaryImageOfPage\":{\"@id\":\"https:\\\/\\\/maclabi.fr\\\/index.php\\\/2025\\\/05\\\/26\\\/faire-face-a-la-montee-des-extremes\\\/#primaryimage\"},\"image\":{\"@id\":\"https:\\\/\\\/maclabi.fr\\\/index.php\\\/2025\\\/05\\\/26\\\/faire-face-a-la-montee-des-extremes\\\/#primaryimage\"},\"thumbnailUrl\":\"http:\\\/\\\/maclabi.fr\\\/wp-content\\\/uploads\\\/2025\\\/05\\\/Sans-titre.png\",\"datePublished\":\"2025-05-25T22:40:47+00:00\",\"dateModified\":\"2025-05-25T22:43:10+00:00\",\"description\":\"Afin de d\u00e9terminer le r\u00f4le que devraient assumer les humanistes universalistes face \u00e0 la mont\u00e9e des extr\u00eames, nous allons pr\u00e9senter dans un premier temps\",\"breadcrumb\":{\"@id\":\"https:\\\/\\\/maclabi.fr\\\/index.php\\\/2025\\\/05\\\/26\\\/faire-face-a-la-montee-des-extremes\\\/#breadcrumb\"},\"inLanguage\":\"fr-FR\",\"potentialAction\":[{\"@type\":\"ReadAction\",\"target\":[\"https:\\\/\\\/maclabi.fr\\\/index.php\\\/2025\\\/05\\\/26\\\/faire-face-a-la-montee-des-extremes\\\/\"]}]},{\"@type\":\"ImageObject\",\"inLanguage\":\"fr-FR\",\"@id\":\"https:\\\/\\\/maclabi.fr\\\/index.php\\\/2025\\\/05\\\/26\\\/faire-face-a-la-montee-des-extremes\\\/#primaryimage\",\"url\":\"https:\\\/\\\/maclabi.fr\\\/wp-content\\\/uploads\\\/2025\\\/05\\\/Sans-titre.png\",\"contentUrl\":\"https:\\\/\\\/maclabi.fr\\\/wp-content\\\/uploads\\\/2025\\\/05\\\/Sans-titre.png\",\"width\":625,\"height\":625},{\"@type\":\"BreadcrumbList\",\"@id\":\"https:\\\/\\\/maclabi.fr\\\/index.php\\\/2025\\\/05\\\/26\\\/faire-face-a-la-montee-des-extremes\\\/#breadcrumb\",\"itemListElement\":[{\"@type\":\"ListItem\",\"position\":1,\"name\":\"Accueil\",\"item\":\"https:\\\/\\\/maclabi.fr\\\/\"},{\"@type\":\"ListItem\",\"position\":2,\"name\":\"Faire face \u00e0 la mont\u00e9e des extr\u00eames\"}]},{\"@type\":\"WebSite\",\"@id\":\"https:\\\/\\\/maclabi.fr\\\/#website\",\"url\":\"https:\\\/\\\/maclabi.fr\\\/\",\"name\":\"Blog citoyen - Changer de monde\",\"description\":\"Sortir du politiquement correct\",\"publisher\":{\"@id\":\"https:\\\/\\\/maclabi.fr\\\/#\\\/schema\\\/person\\\/22f8aff35e6205e5d8493a59eb7bb473\"},\"potentialAction\":[{\"@type\":\"SearchAction\",\"target\":{\"@type\":\"EntryPoint\",\"urlTemplate\":\"https:\\\/\\\/maclabi.fr\\\/?s={search_term_string}\"},\"query-input\":{\"@type\":\"PropertyValueSpecification\",\"valueRequired\":true,\"valueName\":\"search_term_string\"}}],\"inLanguage\":\"fr-FR\"},{\"@type\":[\"Person\",\"Organization\"],\"@id\":\"https:\\\/\\\/maclabi.fr\\\/#\\\/schema\\\/person\\\/22f8aff35e6205e5d8493a59eb7bb473\",\"name\":\"Maurice\",\"pronouns\":\"il\",\"image\":{\"@type\":\"ImageObject\",\"inLanguage\":\"fr-FR\",\"@id\":\"https:\\\/\\\/secure.gravatar.com\\\/avatar\\\/8c8fde46cf96c88a1c3f545403dc0898a58a125164e99f209dc2b50df4fdfcd5?s=96&d=mm&r=g\",\"url\":\"https:\\\/\\\/secure.gravatar.com\\\/avatar\\\/8c8fde46cf96c88a1c3f545403dc0898a58a125164e99f209dc2b50df4fdfcd5?s=96&d=mm&r=g\",\"contentUrl\":\"https:\\\/\\\/secure.gravatar.com\\\/avatar\\\/8c8fde46cf96c88a1c3f545403dc0898a58a125164e99f209dc2b50df4fdfcd5?s=96&d=mm&r=g\",\"caption\":\"Maurice\"},\"logo\":{\"@id\":\"https:\\\/\\\/secure.gravatar.com\\\/avatar\\\/8c8fde46cf96c88a1c3f545403dc0898a58a125164e99f209dc2b50df4fdfcd5?s=96&d=mm&r=g\"},\"description\":\"Retrait\u00e9, dipl\u00f4m\u00e9 en sciences \u00e9conomiques, j'ai \u00e9t\u00e9 enseignant, chercheur en sciences sociales, syndicaliste, mutualiste militant, chef d'entreprise d\u2019\u00e9conomie sociale. Depuis mes \u00e9tudes je suis int\u00e9ress\u00e9 par l'\u00e9pist\u00e9mologie en sciences sociales et la pluridisciplinarit\u00e9. J'ai cr\u00e9\u00e9 ce blog pour m'exprimer et \u00e9changer avec ceux qui le souhaitent.\",\"url\":\"https:\\\/\\\/maclabi.fr\\\/index.php\\\/author\\\/admin5461\\\/\"}]}<\/script>\n<!-- \/ Yoast SEO plugin. -->","yoast_head_json":{"title":"Faire face \u00e0 la mont\u00e9e des extr\u00eames - politique","description":"Afin de d\u00e9terminer le r\u00f4le que devraient assumer les humanistes universalistes face \u00e0 la mont\u00e9e des extr\u00eames, nous allons pr\u00e9senter dans un premier temps","robots":{"index":"index","follow":"follow","max-snippet":"max-snippet:-1","max-image-preview":"max-image-preview:large","max-video-preview":"max-video-preview:-1"},"canonical":"https:\/\/maclabi.fr\/index.php\/2025\/05\/26\/faire-face-a-la-montee-des-extremes\/","og_locale":"fr_FR","og_type":"article","og_title":"Faire face \u00e0 la mont\u00e9e des extr\u00eames - politique","og_description":"Afin de d\u00e9terminer le r\u00f4le que devraient assumer les humanistes universalistes face \u00e0 la mont\u00e9e des extr\u00eames, nous allons pr\u00e9senter dans un premier temps","og_url":"https:\/\/maclabi.fr\/index.php\/2025\/05\/26\/faire-face-a-la-montee-des-extremes\/","og_site_name":"Blog citoyen - Changer de monde","article_published_time":"2025-05-25T22:40:47+00:00","article_modified_time":"2025-05-25T22:43:10+00:00","og_image":[{"url":"http:\/\/maclabi.fr\/wp-content\/uploads\/2025\/05\/Sans-titre.png","type":"","width":"","height":""}],"author":"Maurice","twitter_card":"summary_large_image","twitter_misc":{"\u00c9crit par":"Maurice","Dur\u00e9e de lecture estim\u00e9e":"9 minutes"},"schema":{"@context":"https:\/\/schema.org","@graph":[{"@type":"Article","@id":"https:\/\/maclabi.fr\/index.php\/2025\/05\/26\/faire-face-a-la-montee-des-extremes\/#article","isPartOf":{"@id":"https:\/\/maclabi.fr\/index.php\/2025\/05\/26\/faire-face-a-la-montee-des-extremes\/"},"author":{"name":"Maurice","@id":"https:\/\/maclabi.fr\/#\/schema\/person\/22f8aff35e6205e5d8493a59eb7bb473"},"headline":"Faire face \u00e0 la mont\u00e9e des extr\u00eames","datePublished":"2025-05-25T22:40:47+00:00","dateModified":"2025-05-25T22:43:10+00:00","mainEntityOfPage":{"@id":"https:\/\/maclabi.fr\/index.php\/2025\/05\/26\/faire-face-a-la-montee-des-extremes\/"},"wordCount":1462,"commentCount":1,"publisher":{"@id":"https:\/\/maclabi.fr\/#\/schema\/person\/22f8aff35e6205e5d8493a59eb7bb473"},"image":{"@id":"https:\/\/maclabi.fr\/index.php\/2025\/05\/26\/faire-face-a-la-montee-des-extremes\/#primaryimage"},"thumbnailUrl":"http:\/\/maclabi.fr\/wp-content\/uploads\/2025\/05\/Sans-titre.png","articleSection":["politique"],"inLanguage":"fr-FR","potentialAction":[{"@type":"CommentAction","name":"Comment","target":["https:\/\/maclabi.fr\/index.php\/2025\/05\/26\/faire-face-a-la-montee-des-extremes\/#respond"]}]},{"@type":"WebPage","@id":"https:\/\/maclabi.fr\/index.php\/2025\/05\/26\/faire-face-a-la-montee-des-extremes\/","url":"https:\/\/maclabi.fr\/index.php\/2025\/05\/26\/faire-face-a-la-montee-des-extremes\/","name":"Faire face \u00e0 la mont\u00e9e des extr\u00eames - politique","isPartOf":{"@id":"https:\/\/maclabi.fr\/#website"},"primaryImageOfPage":{"@id":"https:\/\/maclabi.fr\/index.php\/2025\/05\/26\/faire-face-a-la-montee-des-extremes\/#primaryimage"},"image":{"@id":"https:\/\/maclabi.fr\/index.php\/2025\/05\/26\/faire-face-a-la-montee-des-extremes\/#primaryimage"},"thumbnailUrl":"http:\/\/maclabi.fr\/wp-content\/uploads\/2025\/05\/Sans-titre.png","datePublished":"2025-05-25T22:40:47+00:00","dateModified":"2025-05-25T22:43:10+00:00","description":"Afin de d\u00e9terminer le r\u00f4le que devraient assumer les humanistes universalistes face \u00e0 la mont\u00e9e des extr\u00eames, nous allons pr\u00e9senter dans un premier temps","breadcrumb":{"@id":"https:\/\/maclabi.fr\/index.php\/2025\/05\/26\/faire-face-a-la-montee-des-extremes\/#breadcrumb"},"inLanguage":"fr-FR","potentialAction":[{"@type":"ReadAction","target":["https:\/\/maclabi.fr\/index.php\/2025\/05\/26\/faire-face-a-la-montee-des-extremes\/"]}]},{"@type":"ImageObject","inLanguage":"fr-FR","@id":"https:\/\/maclabi.fr\/index.php\/2025\/05\/26\/faire-face-a-la-montee-des-extremes\/#primaryimage","url":"https:\/\/maclabi.fr\/wp-content\/uploads\/2025\/05\/Sans-titre.png","contentUrl":"https:\/\/maclabi.fr\/wp-content\/uploads\/2025\/05\/Sans-titre.png","width":625,"height":625},{"@type":"BreadcrumbList","@id":"https:\/\/maclabi.fr\/index.php\/2025\/05\/26\/faire-face-a-la-montee-des-extremes\/#breadcrumb","itemListElement":[{"@type":"ListItem","position":1,"name":"Accueil","item":"https:\/\/maclabi.fr\/"},{"@type":"ListItem","position":2,"name":"Faire face \u00e0 la mont\u00e9e des extr\u00eames"}]},{"@type":"WebSite","@id":"https:\/\/maclabi.fr\/#website","url":"https:\/\/maclabi.fr\/","name":"Blog citoyen - Changer de monde","description":"Sortir du politiquement correct","publisher":{"@id":"https:\/\/maclabi.fr\/#\/schema\/person\/22f8aff35e6205e5d8493a59eb7bb473"},"potentialAction":[{"@type":"SearchAction","target":{"@type":"EntryPoint","urlTemplate":"https:\/\/maclabi.fr\/?s={search_term_string}"},"query-input":{"@type":"PropertyValueSpecification","valueRequired":true,"valueName":"search_term_string"}}],"inLanguage":"fr-FR"},{"@type":["Person","Organization"],"@id":"https:\/\/maclabi.fr\/#\/schema\/person\/22f8aff35e6205e5d8493a59eb7bb473","name":"Maurice","pronouns":"il","image":{"@type":"ImageObject","inLanguage":"fr-FR","@id":"https:\/\/secure.gravatar.com\/avatar\/8c8fde46cf96c88a1c3f545403dc0898a58a125164e99f209dc2b50df4fdfcd5?s=96&d=mm&r=g","url":"https:\/\/secure.gravatar.com\/avatar\/8c8fde46cf96c88a1c3f545403dc0898a58a125164e99f209dc2b50df4fdfcd5?s=96&d=mm&r=g","contentUrl":"https:\/\/secure.gravatar.com\/avatar\/8c8fde46cf96c88a1c3f545403dc0898a58a125164e99f209dc2b50df4fdfcd5?s=96&d=mm&r=g","caption":"Maurice"},"logo":{"@id":"https:\/\/secure.gravatar.com\/avatar\/8c8fde46cf96c88a1c3f545403dc0898a58a125164e99f209dc2b50df4fdfcd5?s=96&d=mm&r=g"},"description":"Retrait\u00e9, dipl\u00f4m\u00e9 en sciences \u00e9conomiques, j'ai \u00e9t\u00e9 enseignant, chercheur en sciences sociales, syndicaliste, mutualiste militant, chef d'entreprise d\u2019\u00e9conomie sociale. Depuis mes \u00e9tudes je suis int\u00e9ress\u00e9 par l'\u00e9pist\u00e9mologie en sciences sociales et la pluridisciplinarit\u00e9. J'ai cr\u00e9\u00e9 ce blog pour m'exprimer et \u00e9changer avec ceux qui le souhaitent.","url":"https:\/\/maclabi.fr\/index.php\/author\/admin5461\/"}]}},"_links":{"self":[{"href":"https:\/\/maclabi.fr\/index.php\/wp-json\/wp\/v2\/posts\/1438","targetHints":{"allow":["GET"]}}],"collection":[{"href":"https:\/\/maclabi.fr\/index.php\/wp-json\/wp\/v2\/posts"}],"about":[{"href":"https:\/\/maclabi.fr\/index.php\/wp-json\/wp\/v2\/types\/post"}],"author":[{"embeddable":true,"href":"https:\/\/maclabi.fr\/index.php\/wp-json\/wp\/v2\/users\/1"}],"replies":[{"embeddable":true,"href":"https:\/\/maclabi.fr\/index.php\/wp-json\/wp\/v2\/comments?post=1438"}],"version-history":[{"count":7,"href":"https:\/\/maclabi.fr\/index.php\/wp-json\/wp\/v2\/posts\/1438\/revisions"}],"predecessor-version":[{"id":1451,"href":"https:\/\/maclabi.fr\/index.php\/wp-json\/wp\/v2\/posts\/1438\/revisions\/1451"}],"wp:attachment":[{"href":"https:\/\/maclabi.fr\/index.php\/wp-json\/wp\/v2\/media?parent=1438"}],"wp:term":[{"taxonomy":"category","embeddable":true,"href":"https:\/\/maclabi.fr\/index.php\/wp-json\/wp\/v2\/categories?post=1438"},{"taxonomy":"post_tag","embeddable":true,"href":"https:\/\/maclabi.fr\/index.php\/wp-json\/wp\/v2\/tags?post=1438"}],"curies":[{"name":"wp","href":"https:\/\/api.w.org\/{rel}","templated":true}]}}