{"id":1394,"date":"2024-12-29T15:50:03","date_gmt":"2024-12-29T14:50:03","guid":{"rendered":"https:\/\/maclabi.fr\/?p=1394"},"modified":"2024-12-29T15:52:29","modified_gmt":"2024-12-29T14:52:29","slug":"la-droite-tech-a-pris-le-pouvoir-aux-etats-unis","status":"publish","type":"post","link":"https:\/\/maclabi.fr\/index.php\/2024\/12\/29\/la-droite-tech-a-pris-le-pouvoir-aux-etats-unis\/","title":{"rendered":"La droite tech a pris le pouvoir aux Etats Unis ?"},"content":{"rendered":"\n<p>Avec la r\u00e9\u00e9lection de Donald Trump \u00e0 la pr\u00e9sidence des \u00c9tats Unis nous assistons \u00e0 l\u2019augmentation de l\u2019influence d\u2019un courant id\u00e9ologique faisant la liaison entre les utopies libertariennes et les valeurs conservatrices. Un article du journal \u00ab&nbsp;Le Monde&nbsp;\u00bb sign\u00e9 par Valentine Faure en fait une analyse d\u00e9taill\u00e9e. Je vous en livre l\u2019essentiel.<\/p>\n\n\n\n<h5 class=\"wp-block-heading\"><strong>Des pouvoirs sans pr\u00e9c\u00e9dent<\/strong><\/h5>\n\n\n<div class=\"wp-block-image\">\n<figure class=\"aligncenter size-large is-resized\"><img loading=\"lazy\" decoding=\"async\" width=\"1024\" height=\"562\" src=\"https:\/\/maclabi.fr\/wp-content\/uploads\/2024\/12\/trump-3508121_1280-1024x562.jpg\" alt=\"\" class=\"wp-image-1395\" style=\"width:327px;height:auto\" srcset=\"https:\/\/maclabi.fr\/wp-content\/uploads\/2024\/12\/trump-3508121_1280-1024x562.jpg 1024w, https:\/\/maclabi.fr\/wp-content\/uploads\/2024\/12\/trump-3508121_1280-300x165.jpg 300w, https:\/\/maclabi.fr\/wp-content\/uploads\/2024\/12\/trump-3508121_1280-768x422.jpg 768w, https:\/\/maclabi.fr\/wp-content\/uploads\/2024\/12\/trump-3508121_1280-1200x659.jpg 1200w, https:\/\/maclabi.fr\/wp-content\/uploads\/2024\/12\/trump-3508121_1280.jpg 1280w\" sizes=\"auto, (max-width: 709px) 85vw, (max-width: 909px) 67vw, (max-width: 1362px) 62vw, 840px\" \/><\/figure>\n<\/div>\n\n\n<p>En 2020 Elon Musk \u00e9tait d\u00e9mocrate mais en 2024 c\u2019est avec z\u00e8le qu\u2019il s\u2019est employ\u00e9 \u00e0 la r\u00e9\u00e9lection de Trump. Il a investi plus de cent millions de dollars sur quelques mois dans la campagne et mis \u00e0 disposition du candidat r\u00e9publicain son r\u00e9seau d\u2019information. Il a fait un bon investissement puisqu\u2019une semaine apr\u00e8s l\u2019\u00e9lection sa fortune personnelle avait d\u00e9j\u00e0 augment\u00e9 de 70 milliards de dollars.<\/p>\n\n\n<div class=\"wp-block-image\">\n<figure class=\"aligncenter size-large is-resized\"><img loading=\"lazy\" decoding=\"async\" width=\"1024\" height=\"724\" src=\"https:\/\/maclabi.fr\/wp-content\/uploads\/2024\/12\/dollars-499481_1280-1024x724.jpg\" alt=\"\" class=\"wp-image-1401\" style=\"width:262px;height:auto\" srcset=\"https:\/\/maclabi.fr\/wp-content\/uploads\/2024\/12\/dollars-499481_1280-1024x724.jpg 1024w, https:\/\/maclabi.fr\/wp-content\/uploads\/2024\/12\/dollars-499481_1280-300x212.jpg 300w, https:\/\/maclabi.fr\/wp-content\/uploads\/2024\/12\/dollars-499481_1280-768x543.jpg 768w, https:\/\/maclabi.fr\/wp-content\/uploads\/2024\/12\/dollars-499481_1280-1200x848.jpg 1200w, https:\/\/maclabi.fr\/wp-content\/uploads\/2024\/12\/dollars-499481_1280.jpg 1280w\" sizes=\"auto, (max-width: 709px) 85vw, (max-width: 909px) 67vw, (max-width: 1362px) 62vw, 840px\" \/><\/figure>\n<\/div>\n\n\n<p>La mue de l\u2019homme le plus riche du monde n\u2019est pas la seule. D\u2019anciens donateurs du Parti D\u00e9mocrate ont suivi la m\u00eame trajectoire que Musk, notamment Peter Thiel qui a cofond\u00e9 avec lui Pay Pal et qui est devenu tr\u00e8s riche avec son investissement dans Facebook. Une partie des dirigeants de la Silicon Valley ont bascul\u00e9 vers le soutien au Parti R\u00e9publicain. Sur les 70 milliardaires que compte la Silicon Valley, ils sont une vingtaine \u00e0 soutenir le 47<sup>\u00e8me<\/sup> pr\u00e9sident des \u00c9tats Unis. <em>\u00ab\u00a0Mais ces vingt personnes ont un acc\u00e8s direct \u00e0 l\u2019espace public m\u00e9diatique mondial qu\u2019ils ont eux-m\u00eames compos\u00e9. La concentration des pouvoirs qu\u2019ils ont entre leurs mains, l\u2019acc\u00e8s aux technologies et leur capacit\u00e9 \u00e0 mettre en pratique ce en quoi ils croient est sans pr\u00e9c\u00e9dent\u00a0\u00bb <\/em>dit Olivier Alexandre, sociologue, chercheur au CNRS.<br>\u00a0<\/p>\n\n\n\n<p><strong>Un ennemi commun<\/strong><\/p>\n\n\n\n<p>Selon un rapport de l\u2019ONG Public Citizen l\u2019industrie des cryptomonnaies repr\u00e9sente pr\u00e8s de la moiti\u00e9 de l\u2019argent vers\u00e9 par les entreprises aux comit\u00e9s d\u2019action politique en 2024. Le Parti R\u00e9publicain soutenu par ces donateurs reviendra sur les mesures qui entravent le d\u00e9veloppement des technologies nouvelles.<\/p>\n\n\n<div class=\"wp-block-image\">\n<figure class=\"aligncenter size-large is-resized\"><img loading=\"lazy\" decoding=\"async\" width=\"1024\" height=\"768\" src=\"https:\/\/maclabi.fr\/wp-content\/uploads\/2024\/12\/ai-generated-9226744_1280-1024x768.jpg\" alt=\"\" class=\"wp-image-1396\" style=\"width:251px;height:auto\" srcset=\"https:\/\/maclabi.fr\/wp-content\/uploads\/2024\/12\/ai-generated-9226744_1280-1024x768.jpg 1024w, https:\/\/maclabi.fr\/wp-content\/uploads\/2024\/12\/ai-generated-9226744_1280-300x225.jpg 300w, https:\/\/maclabi.fr\/wp-content\/uploads\/2024\/12\/ai-generated-9226744_1280-768x576.jpg 768w, https:\/\/maclabi.fr\/wp-content\/uploads\/2024\/12\/ai-generated-9226744_1280-1200x900.jpg 1200w, https:\/\/maclabi.fr\/wp-content\/uploads\/2024\/12\/ai-generated-9226744_1280.jpg 1280w\" sizes=\"auto, (max-width: 709px) 85vw, (max-width: 909px) 67vw, (max-width: 1362px) 62vw, 840px\" \/><\/figure>\n<\/div>\n\n\n<p>La bureaucratie est l\u2019ennemi g\u00e9n\u00e9ral dans la Silicon Valley. L\u2019\u00c9tat n\u2019est pas efficace, il impose un tas de r\u00e9glementations idiotes qui font perdre du temps et des talents. Il faut g\u00e9rer l\u2019\u00c9tat comme une entreprise. Le progr\u00e8s technologique doit \u00eatre poursuivi sans rel\u00e2che, sans se pr\u00e9occuper des co\u00fbts potentiels ou des dangers pour la soci\u00e9t\u00e9. La bureaucratie doit c\u00e9der la place \u00e0 un \u00ab&nbsp;CAO(PDG) national&nbsp;\u00bb dit Curtis Yarvin, qui pense que les diff\u00e9rences g\u00e9n\u00e9tiques font que certains groupes sont <em>\u00ab&nbsp;plus aptes \u00e0 la ma\u00eetrise<\/em>&nbsp;\u00bb, tandis que d\u2019autres sont <em>\u00ab&nbsp;plus aptes \u00e0 l\u2019esclavage&nbsp;\u00bb<\/em>. Ce penseur de la droite radicale a contribu\u00e9 \u00e0 populariser un tournant de la droite am\u00e9ricaine contre la d\u00e9mocratie et les valeurs conservatrices traditionnelles, tout en aidant \u00e0 normaliser des vues racialistes autrefois absentes du conservatisme am\u00e9ricain. C\u2019est un exemple des nouvelles tendances importantes dans la pens\u00e9e et l\u2019activisme de l\u2019extr\u00eame droite radicale.<\/p>\n\n\n<div class=\"wp-block-image\">\n<figure class=\"aligncenter size-large is-resized\"><img loading=\"lazy\" decoding=\"async\" width=\"1024\" height=\"1024\" src=\"https:\/\/maclabi.fr\/wp-content\/uploads\/2022\/01\/democracy-g110922401_1280-1024x1024.jpg\" alt=\"\" class=\"wp-image-833\" style=\"width:194px;height:auto\" srcset=\"https:\/\/maclabi.fr\/wp-content\/uploads\/2022\/01\/democracy-g110922401_1280-1024x1024.jpg 1024w, https:\/\/maclabi.fr\/wp-content\/uploads\/2022\/01\/democracy-g110922401_1280-300x300.jpg 300w, https:\/\/maclabi.fr\/wp-content\/uploads\/2022\/01\/democracy-g110922401_1280-150x150.jpg 150w, https:\/\/maclabi.fr\/wp-content\/uploads\/2022\/01\/democracy-g110922401_1280-768x768.jpg 768w, https:\/\/maclabi.fr\/wp-content\/uploads\/2022\/01\/democracy-g110922401_1280-1200x1200.jpg 1200w, https:\/\/maclabi.fr\/wp-content\/uploads\/2022\/01\/democracy-g110922401_1280.jpg 1280w\" sizes=\"auto, (max-width: 709px) 85vw, (max-width: 909px) 67vw, (max-width: 1362px) 62vw, 840px\" \/><\/figure>\n<\/div>\n\n\n<p>La droite tech s\u2019estime musel\u00e9e par la gauche lib\u00e9rale. Elle consid\u00e8re que l\u2019argent ne doit pas \u00eatre d\u00e9pens\u00e9 pour r\u00e9duire les in\u00e9galit\u00e9s, mais pour financer les progr\u00e8s technologiques. Elle rejette la discrimination positive et la \u00ab&nbsp;diversit\u00e9&nbsp;\u00bb. Un commentateur d\u2019extr\u00eame droite, Richard Hanania, estime que&nbsp;:&nbsp;<em>\u00ab&nbsp;bien qu\u2019il y ait des diff\u00e9rences avec le conservatisme am\u00e9ricain, il n\u2019y a aucune raison pour que les deux parties (conservateurs et droite tech) ne puissent travailler ensemble dans un avenir pr\u00e9visible. La forme de notre politique et de notre culture dans les d\u00e9cennies \u00e0 venir d\u00e9pendra de la mesure dans laquelle ils le feront&nbsp;\u00bb.<\/em><br>&nbsp;<\/p>\n\n\n\n<p><strong>Trouver un terrain d\u2019entente<\/strong><\/p>\n\n\n\n<p>Le nouveau vice-pr\u00e9sident des \u00c9tats-Unis, J.D. Vance, ancien s\u00e9nateur anti \u00e9lite pass\u00e9 par l\u2019universit\u00e9 de Yale, est le visage de cette \u00ab&nbsp;nouvelle droite&nbsp;\u00bb qui tente de donner une orientation encore plus radicale (en mati\u00e8re de nationalisme, de politique anti-immigration, d\u2019opposition \u00e0 l\u2019interventionnisme am\u00e9ricain) \u00e0 la r\u00e9volution id\u00e9ologique commenc\u00e9e par Trump. Cette ligne s\u2019incarne dans le \u00ab&nbsp;Projet 2025&nbsp;\u00bb r\u00e9dig\u00e9 par la Fondation H\u00e9ritage, tr\u00e8s puissant cercle de r\u00e9flexion de la droite conservatrice.<\/p>\n\n\n<div class=\"wp-block-image\">\n<figure class=\"aligncenter size-full is-resized\"><img loading=\"lazy\" decoding=\"async\" width=\"260\" height=\"347\" src=\"https:\/\/maclabi.fr\/wp-content\/uploads\/2024\/12\/260px-The_heritage_foundation_building_on_mass._ave.jpg\" alt=\"\" class=\"wp-image-1397\" style=\"width:304px;height:auto\" srcset=\"https:\/\/maclabi.fr\/wp-content\/uploads\/2024\/12\/260px-The_heritage_foundation_building_on_mass._ave.jpg 260w, https:\/\/maclabi.fr\/wp-content\/uploads\/2024\/12\/260px-The_heritage_foundation_building_on_mass._ave-225x300.jpg 225w\" sizes=\"auto, (max-width: 260px) 85vw, 260px\" \/><\/figure>\n<\/div>\n\n\n<h6 class=\"wp-block-heading\">                        The H\u00e9ritage fondation, leadership for Am\u00e9rica<\/h6>\n\n\n\n<p>Dans un d\u00e9bat sur \u00ab&nbsp;la tech et la r\u00e9publique am\u00e9ricaine&nbsp;\u00bb, Kevin Roberts, le pr\u00e9sident de H\u00e9ritage s\u2019interrogeait&nbsp;: <em>\u00ab&nbsp;Comment le conservatisme et la technologie peuvent-ils trouver un terrain d\u2019entente pour stimuler l\u2019innovation tout en prot\u00e9geant la libert\u00e9 d\u2019expression, les libert\u00e9s individuelles et l\u2019autogouvernance&nbsp;?&nbsp;\u00bb. <\/em>Il y pr\u00e9cisait que \u00ab&nbsp;l<em>es conservateurs et les (gens de la tech) ne doivent pas seulement collaborer, ils sont en r\u00e9alit\u00e9 des esprits fr\u00e8res&nbsp;\u00bb <\/em>et l\u2019IA repr\u00e9sente \u00ab&nbsp;<em>un des plus grands espoirs pour prot\u00e9ger la souverainet\u00e9 de l\u2019\u00eatre humain&nbsp;\u00bb.<\/em><\/p>\n\n\n\n<h5 class=\"wp-block-heading\"><strong>La droite tech a son \u00ab&nbsp;CAO national&nbsp;\u00bb&nbsp;!<\/strong><\/h5>\n\n\n\n<p>Apr\u00e8s l\u2019\u00e9lection du 5 novembre, les f\u00e9licitations de l\u2019\u00e9lite technologique \u00e0 Trump sont arriv\u00e9es promptement. Elon Musk est remerci\u00e9 par une nomination \u00e0 la t\u00eate de l\u2019efficacit\u00e9 gouvernementale o\u00f9 il pr\u00e9voit une coupe de deux billions de dollars. L\u2019Am\u00e9rique a le \u00ab&nbsp;CAO national&nbsp;\u00bb dont la droite tech r\u00eavait.<\/p>\n\n\n<div class=\"wp-block-image\">\n<figure class=\"aligncenter size-large is-resized\"><img loading=\"lazy\" decoding=\"async\" width=\"844\" height=\"1024\" src=\"https:\/\/maclabi.fr\/wp-content\/uploads\/2024\/12\/elon-7450672_1280-844x1024.png\" alt=\"\" class=\"wp-image-1398\" style=\"width:218px;height:auto\" srcset=\"https:\/\/maclabi.fr\/wp-content\/uploads\/2024\/12\/elon-7450672_1280-844x1024.png 844w, https:\/\/maclabi.fr\/wp-content\/uploads\/2024\/12\/elon-7450672_1280-247x300.png 247w, https:\/\/maclabi.fr\/wp-content\/uploads\/2024\/12\/elon-7450672_1280-768x932.png 768w, https:\/\/maclabi.fr\/wp-content\/uploads\/2024\/12\/elon-7450672_1280.png 1055w\" sizes=\"auto, (max-width: 709px) 85vw, (max-width: 909px) 67vw, (max-width: 1362px) 62vw, 840px\" \/><\/figure>\n<\/div>\n\n\n<p><br>Amazon, propri\u00e9t\u00e9 de Jeff Bezos, et Meta propri\u00e9t\u00e9 de Mark Zukerberg, ont annonc\u00e9 donner chacune un million de dollars au fonds d\u2019investiture de Donald Trump. Ces deux patrons de la tech \u00e9taient historiquement consid\u00e9r\u00e9s comme des opposants au futur pr\u00e9sident. Ces donations t\u00e9moignent de la volont\u00e9 qu\u2019ils ont de se rapprocher du pr\u00e9sident \u00e9lu.<\/p>\n\n\n\n<h5 class=\"wp-block-heading\"><strong>Comment r\u00e9soudre la contradiction&nbsp;?<\/strong><\/h5>\n\n\n\n<p>Comment r\u00e9soudre la contradiction d\u2019une alliance entre le parti de la tradition qui tient le langage de la nostalgie d\u2019une Am\u00e9rique perdue (Make Am\u00e9rica Great Again) et qui d\u00e9fend un retour \u00e0 une \u00e9conomie pr\u00e9-New deal, protectionniste et isolationniste, avec une industrie aux int\u00e9r\u00eats supranationaux qui promet au monde les bouleversements les plus violents et les plus incertains&nbsp;?<\/p>\n\n\n<div class=\"wp-block-image\">\n<figure class=\"aligncenter size-full is-resized\"><img loading=\"lazy\" decoding=\"async\" width=\"640\" height=\"280\" src=\"https:\/\/maclabi.fr\/wp-content\/uploads\/2020\/12\/man-2814937_640.jpg\" alt=\"\" class=\"wp-image-607\" style=\"width:304px;height:auto\" srcset=\"https:\/\/maclabi.fr\/wp-content\/uploads\/2020\/12\/man-2814937_640.jpg 640w, https:\/\/maclabi.fr\/wp-content\/uploads\/2020\/12\/man-2814937_640-300x131.jpg 300w\" sizes=\"auto, (max-width: 709px) 85vw, (max-width: 909px) 67vw, (max-width: 984px) 61vw, (max-width: 1362px) 45vw, 600px\" \/><\/figure>\n<\/div>\n\n\n<p>Restons attentif \u00e0 ce qui risque de se passer aux USA et dans le monde apr\u00e8s le mois de janvier 2025&nbsp;  !<\/p>\n\n\n<div class=\"wp-block-image\">\n<figure class=\"aligncenter size-large is-resized\"><img loading=\"lazy\" decoding=\"async\" width=\"1024\" height=\"640\" src=\"https:\/\/maclabi.fr\/wp-content\/uploads\/2024\/12\/usa-1439858_1280-1024x640.jpg\" alt=\"\" class=\"wp-image-1400\" style=\"width:249px;height:auto\" srcset=\"https:\/\/maclabi.fr\/wp-content\/uploads\/2024\/12\/usa-1439858_1280-1024x640.jpg 1024w, https:\/\/maclabi.fr\/wp-content\/uploads\/2024\/12\/usa-1439858_1280-300x188.jpg 300w, https:\/\/maclabi.fr\/wp-content\/uploads\/2024\/12\/usa-1439858_1280-768x480.jpg 768w, https:\/\/maclabi.fr\/wp-content\/uploads\/2024\/12\/usa-1439858_1280-1200x750.jpg 1200w, https:\/\/maclabi.fr\/wp-content\/uploads\/2024\/12\/usa-1439858_1280.jpg 1280w\" sizes=\"auto, (max-width: 709px) 85vw, (max-width: 909px) 67vw, (max-width: 1362px) 62vw, 840px\" \/><\/figure>\n<\/div>\n\n\n<p><\/p>\n","protected":false},"excerpt":{"rendered":"<p>Avec la r\u00e9\u00e9lection de Donald Trump \u00e0 la pr\u00e9sidence des \u00c9tats Unis nous assistons \u00e0 l\u2019augmentation de l\u2019influence d\u2019un courant id\u00e9ologique faisant la liaison entre les utopies libertariennes et les valeurs conservatrices. Un article du journal \u00ab&nbsp;Le Monde&nbsp;\u00bb sign\u00e9 par Valentine Faure en fait une analyse d\u00e9taill\u00e9e. Je vous en livre l\u2019essentiel. Des pouvoirs sans &hellip; <a href=\"https:\/\/maclabi.fr\/index.php\/2024\/12\/29\/la-droite-tech-a-pris-le-pouvoir-aux-etats-unis\/\" class=\"more-link\">Continuer la lecture<span class=\"screen-reader-text\"> de &laquo;&nbsp;La droite tech a pris le pouvoir aux Etats Unis ?&nbsp;&raquo;<\/span><\/a><\/p>\n","protected":false},"author":1,"featured_media":0,"comment_status":"open","ping_status":"open","sticky":false,"template":"","format":"standard","meta":{"footnotes":""},"categories":[10],"tags":[],"class_list":["post-1394","post","type-post","status-publish","format-standard","hentry","category-politique"],"yoast_head":"<!-- This site is optimized with the Yoast SEO plugin v27.5 - https:\/\/yoast.com\/product\/yoast-seo-wordpress\/ -->\n<title>La droite tech a pris le pouvoir aux Etats Unis ? - politique<\/title>\n<meta name=\"description\" content=\"Avec la r\u00e9\u00e9lection de Donald Trump \u00e0 la pr\u00e9sidence des \u00c9tats Unis nous assistons \u00e0 l\u2019augmentation de l\u2019influence d\u2019un courant id\u00e9ologique faisant la\" \/>\n<meta name=\"robots\" content=\"index, follow, max-snippet:-1, max-image-preview:large, max-video-preview:-1\" \/>\n<link rel=\"canonical\" href=\"https:\/\/maclabi.fr\/index.php\/2024\/12\/29\/la-droite-tech-a-pris-le-pouvoir-aux-etats-unis\/\" \/>\n<meta property=\"og:locale\" content=\"fr_FR\" \/>\n<meta property=\"og:type\" content=\"article\" \/>\n<meta property=\"og:title\" content=\"La droite tech a pris le pouvoir aux Etats Unis ? - politique\" \/>\n<meta property=\"og:description\" content=\"Avec la r\u00e9\u00e9lection de Donald Trump \u00e0 la pr\u00e9sidence des \u00c9tats Unis nous assistons \u00e0 l\u2019augmentation de l\u2019influence d\u2019un courant id\u00e9ologique faisant la\" \/>\n<meta property=\"og:url\" content=\"https:\/\/maclabi.fr\/index.php\/2024\/12\/29\/la-droite-tech-a-pris-le-pouvoir-aux-etats-unis\/\" \/>\n<meta property=\"og:site_name\" content=\"Blog citoyen - Changer de monde\" \/>\n<meta property=\"article:published_time\" content=\"2024-12-29T14:50:03+00:00\" \/>\n<meta property=\"article:modified_time\" content=\"2024-12-29T14:52:29+00:00\" \/>\n<meta property=\"og:image\" content=\"https:\/\/maclabi.fr\/wp-content\/uploads\/2024\/12\/trump-3508121_1280-1024x562.jpg\" \/>\n<meta name=\"author\" content=\"Maurice\" \/>\n<meta name=\"twitter:card\" content=\"summary_large_image\" \/>\n<meta name=\"twitter:label1\" content=\"\u00c9crit par\" \/>\n\t<meta name=\"twitter:data1\" content=\"Maurice\" \/>\n\t<meta name=\"twitter:label2\" content=\"Dur\u00e9e de lecture estim\u00e9e\" \/>\n\t<meta name=\"twitter:data2\" content=\"7 minutes\" \/>\n<script type=\"application\/ld+json\" class=\"yoast-schema-graph\">{\"@context\":\"https:\\\/\\\/schema.org\",\"@graph\":[{\"@type\":[\"Article\",\"BlogPosting\"],\"@id\":\"https:\\\/\\\/maclabi.fr\\\/index.php\\\/2024\\\/12\\\/29\\\/la-droite-tech-a-pris-le-pouvoir-aux-etats-unis\\\/#article\",\"isPartOf\":{\"@id\":\"https:\\\/\\\/maclabi.fr\\\/index.php\\\/2024\\\/12\\\/29\\\/la-droite-tech-a-pris-le-pouvoir-aux-etats-unis\\\/\"},\"author\":{\"name\":\"Maurice\",\"@id\":\"https:\\\/\\\/maclabi.fr\\\/#\\\/schema\\\/person\\\/22f8aff35e6205e5d8493a59eb7bb473\"},\"headline\":\"La droite tech a pris le pouvoir aux Etats Unis ?\",\"datePublished\":\"2024-12-29T14:50:03+00:00\",\"dateModified\":\"2024-12-29T14:52:29+00:00\",\"mainEntityOfPage\":{\"@id\":\"https:\\\/\\\/maclabi.fr\\\/index.php\\\/2024\\\/12\\\/29\\\/la-droite-tech-a-pris-le-pouvoir-aux-etats-unis\\\/\"},\"wordCount\":1090,\"commentCount\":1,\"publisher\":{\"@id\":\"https:\\\/\\\/maclabi.fr\\\/#\\\/schema\\\/person\\\/22f8aff35e6205e5d8493a59eb7bb473\"},\"image\":{\"@id\":\"https:\\\/\\\/maclabi.fr\\\/index.php\\\/2024\\\/12\\\/29\\\/la-droite-tech-a-pris-le-pouvoir-aux-etats-unis\\\/#primaryimage\"},\"thumbnailUrl\":\"https:\\\/\\\/maclabi.fr\\\/wp-content\\\/uploads\\\/2024\\\/12\\\/trump-3508121_1280-1024x562.jpg\",\"articleSection\":[\"politique\"],\"inLanguage\":\"fr-FR\",\"potentialAction\":[{\"@type\":\"CommentAction\",\"name\":\"Comment\",\"target\":[\"https:\\\/\\\/maclabi.fr\\\/index.php\\\/2024\\\/12\\\/29\\\/la-droite-tech-a-pris-le-pouvoir-aux-etats-unis\\\/#respond\"]}]},{\"@type\":\"WebPage\",\"@id\":\"https:\\\/\\\/maclabi.fr\\\/index.php\\\/2024\\\/12\\\/29\\\/la-droite-tech-a-pris-le-pouvoir-aux-etats-unis\\\/\",\"url\":\"https:\\\/\\\/maclabi.fr\\\/index.php\\\/2024\\\/12\\\/29\\\/la-droite-tech-a-pris-le-pouvoir-aux-etats-unis\\\/\",\"name\":\"La droite tech a pris le pouvoir aux Etats Unis ? - politique\",\"isPartOf\":{\"@id\":\"https:\\\/\\\/maclabi.fr\\\/#website\"},\"primaryImageOfPage\":{\"@id\":\"https:\\\/\\\/maclabi.fr\\\/index.php\\\/2024\\\/12\\\/29\\\/la-droite-tech-a-pris-le-pouvoir-aux-etats-unis\\\/#primaryimage\"},\"image\":{\"@id\":\"https:\\\/\\\/maclabi.fr\\\/index.php\\\/2024\\\/12\\\/29\\\/la-droite-tech-a-pris-le-pouvoir-aux-etats-unis\\\/#primaryimage\"},\"thumbnailUrl\":\"https:\\\/\\\/maclabi.fr\\\/wp-content\\\/uploads\\\/2024\\\/12\\\/trump-3508121_1280-1024x562.jpg\",\"datePublished\":\"2024-12-29T14:50:03+00:00\",\"dateModified\":\"2024-12-29T14:52:29+00:00\",\"description\":\"Avec la r\u00e9\u00e9lection de Donald Trump \u00e0 la pr\u00e9sidence des \u00c9tats Unis nous assistons \u00e0 l\u2019augmentation de l\u2019influence d\u2019un courant id\u00e9ologique faisant la\",\"breadcrumb\":{\"@id\":\"https:\\\/\\\/maclabi.fr\\\/index.php\\\/2024\\\/12\\\/29\\\/la-droite-tech-a-pris-le-pouvoir-aux-etats-unis\\\/#breadcrumb\"},\"inLanguage\":\"fr-FR\",\"potentialAction\":[{\"@type\":\"ReadAction\",\"target\":[\"https:\\\/\\\/maclabi.fr\\\/index.php\\\/2024\\\/12\\\/29\\\/la-droite-tech-a-pris-le-pouvoir-aux-etats-unis\\\/\"]}]},{\"@type\":\"ImageObject\",\"inLanguage\":\"fr-FR\",\"@id\":\"https:\\\/\\\/maclabi.fr\\\/index.php\\\/2024\\\/12\\\/29\\\/la-droite-tech-a-pris-le-pouvoir-aux-etats-unis\\\/#primaryimage\",\"url\":\"https:\\\/\\\/maclabi.fr\\\/wp-content\\\/uploads\\\/2024\\\/12\\\/trump-3508121_1280.jpg\",\"contentUrl\":\"https:\\\/\\\/maclabi.fr\\\/wp-content\\\/uploads\\\/2024\\\/12\\\/trump-3508121_1280.jpg\",\"width\":1280,\"height\":703},{\"@type\":\"BreadcrumbList\",\"@id\":\"https:\\\/\\\/maclabi.fr\\\/index.php\\\/2024\\\/12\\\/29\\\/la-droite-tech-a-pris-le-pouvoir-aux-etats-unis\\\/#breadcrumb\",\"itemListElement\":[{\"@type\":\"ListItem\",\"position\":1,\"name\":\"Accueil\",\"item\":\"https:\\\/\\\/maclabi.fr\\\/\"},{\"@type\":\"ListItem\",\"position\":2,\"name\":\"La droite tech a pris le pouvoir aux Etats Unis ?\"}]},{\"@type\":\"WebSite\",\"@id\":\"https:\\\/\\\/maclabi.fr\\\/#website\",\"url\":\"https:\\\/\\\/maclabi.fr\\\/\",\"name\":\"Blog citoyen - Changer de monde\",\"description\":\"Sortir du politiquement correct\",\"publisher\":{\"@id\":\"https:\\\/\\\/maclabi.fr\\\/#\\\/schema\\\/person\\\/22f8aff35e6205e5d8493a59eb7bb473\"},\"potentialAction\":[{\"@type\":\"SearchAction\",\"target\":{\"@type\":\"EntryPoint\",\"urlTemplate\":\"https:\\\/\\\/maclabi.fr\\\/?s={search_term_string}\"},\"query-input\":{\"@type\":\"PropertyValueSpecification\",\"valueRequired\":true,\"valueName\":\"search_term_string\"}}],\"inLanguage\":\"fr-FR\"},{\"@type\":[\"Person\",\"Organization\"],\"@id\":\"https:\\\/\\\/maclabi.fr\\\/#\\\/schema\\\/person\\\/22f8aff35e6205e5d8493a59eb7bb473\",\"name\":\"Maurice\",\"pronouns\":\"il\",\"image\":{\"@type\":\"ImageObject\",\"inLanguage\":\"fr-FR\",\"@id\":\"https:\\\/\\\/secure.gravatar.com\\\/avatar\\\/8c8fde46cf96c88a1c3f545403dc0898a58a125164e99f209dc2b50df4fdfcd5?s=96&d=mm&r=g\",\"url\":\"https:\\\/\\\/secure.gravatar.com\\\/avatar\\\/8c8fde46cf96c88a1c3f545403dc0898a58a125164e99f209dc2b50df4fdfcd5?s=96&d=mm&r=g\",\"contentUrl\":\"https:\\\/\\\/secure.gravatar.com\\\/avatar\\\/8c8fde46cf96c88a1c3f545403dc0898a58a125164e99f209dc2b50df4fdfcd5?s=96&d=mm&r=g\",\"caption\":\"Maurice\"},\"logo\":{\"@id\":\"https:\\\/\\\/secure.gravatar.com\\\/avatar\\\/8c8fde46cf96c88a1c3f545403dc0898a58a125164e99f209dc2b50df4fdfcd5?s=96&d=mm&r=g\"},\"description\":\"Retrait\u00e9, dipl\u00f4m\u00e9 en sciences \u00e9conomiques, j'ai \u00e9t\u00e9 enseignant, chercheur en sciences sociales, syndicaliste, mutualiste militant, chef d'entreprise d\u2019\u00e9conomie sociale. Depuis mes \u00e9tudes je suis int\u00e9ress\u00e9 par l'\u00e9pist\u00e9mologie en sciences sociales et la pluridisciplinarit\u00e9. J'ai cr\u00e9\u00e9 ce blog pour m'exprimer et \u00e9changer avec ceux qui le souhaitent.\",\"url\":\"https:\\\/\\\/maclabi.fr\\\/index.php\\\/author\\\/admin5461\\\/\"}]}<\/script>\n<!-- \/ Yoast SEO plugin. -->","yoast_head_json":{"title":"La droite tech a pris le pouvoir aux Etats Unis ? - politique","description":"Avec la r\u00e9\u00e9lection de Donald Trump \u00e0 la pr\u00e9sidence des \u00c9tats Unis nous assistons \u00e0 l\u2019augmentation de l\u2019influence d\u2019un courant id\u00e9ologique faisant la","robots":{"index":"index","follow":"follow","max-snippet":"max-snippet:-1","max-image-preview":"max-image-preview:large","max-video-preview":"max-video-preview:-1"},"canonical":"https:\/\/maclabi.fr\/index.php\/2024\/12\/29\/la-droite-tech-a-pris-le-pouvoir-aux-etats-unis\/","og_locale":"fr_FR","og_type":"article","og_title":"La droite tech a pris le pouvoir aux Etats Unis ? - politique","og_description":"Avec la r\u00e9\u00e9lection de Donald Trump \u00e0 la pr\u00e9sidence des \u00c9tats Unis nous assistons \u00e0 l\u2019augmentation de l\u2019influence d\u2019un courant id\u00e9ologique faisant la","og_url":"https:\/\/maclabi.fr\/index.php\/2024\/12\/29\/la-droite-tech-a-pris-le-pouvoir-aux-etats-unis\/","og_site_name":"Blog citoyen - Changer de monde","article_published_time":"2024-12-29T14:50:03+00:00","article_modified_time":"2024-12-29T14:52:29+00:00","og_image":[{"url":"https:\/\/maclabi.fr\/wp-content\/uploads\/2024\/12\/trump-3508121_1280-1024x562.jpg","type":"","width":"","height":""}],"author":"Maurice","twitter_card":"summary_large_image","twitter_misc":{"\u00c9crit par":"Maurice","Dur\u00e9e de lecture estim\u00e9e":"7 minutes"},"schema":{"@context":"https:\/\/schema.org","@graph":[{"@type":["Article","BlogPosting"],"@id":"https:\/\/maclabi.fr\/index.php\/2024\/12\/29\/la-droite-tech-a-pris-le-pouvoir-aux-etats-unis\/#article","isPartOf":{"@id":"https:\/\/maclabi.fr\/index.php\/2024\/12\/29\/la-droite-tech-a-pris-le-pouvoir-aux-etats-unis\/"},"author":{"name":"Maurice","@id":"https:\/\/maclabi.fr\/#\/schema\/person\/22f8aff35e6205e5d8493a59eb7bb473"},"headline":"La droite tech a pris le pouvoir aux Etats Unis ?","datePublished":"2024-12-29T14:50:03+00:00","dateModified":"2024-12-29T14:52:29+00:00","mainEntityOfPage":{"@id":"https:\/\/maclabi.fr\/index.php\/2024\/12\/29\/la-droite-tech-a-pris-le-pouvoir-aux-etats-unis\/"},"wordCount":1090,"commentCount":1,"publisher":{"@id":"https:\/\/maclabi.fr\/#\/schema\/person\/22f8aff35e6205e5d8493a59eb7bb473"},"image":{"@id":"https:\/\/maclabi.fr\/index.php\/2024\/12\/29\/la-droite-tech-a-pris-le-pouvoir-aux-etats-unis\/#primaryimage"},"thumbnailUrl":"https:\/\/maclabi.fr\/wp-content\/uploads\/2024\/12\/trump-3508121_1280-1024x562.jpg","articleSection":["politique"],"inLanguage":"fr-FR","potentialAction":[{"@type":"CommentAction","name":"Comment","target":["https:\/\/maclabi.fr\/index.php\/2024\/12\/29\/la-droite-tech-a-pris-le-pouvoir-aux-etats-unis\/#respond"]}]},{"@type":"WebPage","@id":"https:\/\/maclabi.fr\/index.php\/2024\/12\/29\/la-droite-tech-a-pris-le-pouvoir-aux-etats-unis\/","url":"https:\/\/maclabi.fr\/index.php\/2024\/12\/29\/la-droite-tech-a-pris-le-pouvoir-aux-etats-unis\/","name":"La droite tech a pris le pouvoir aux Etats Unis ? - politique","isPartOf":{"@id":"https:\/\/maclabi.fr\/#website"},"primaryImageOfPage":{"@id":"https:\/\/maclabi.fr\/index.php\/2024\/12\/29\/la-droite-tech-a-pris-le-pouvoir-aux-etats-unis\/#primaryimage"},"image":{"@id":"https:\/\/maclabi.fr\/index.php\/2024\/12\/29\/la-droite-tech-a-pris-le-pouvoir-aux-etats-unis\/#primaryimage"},"thumbnailUrl":"https:\/\/maclabi.fr\/wp-content\/uploads\/2024\/12\/trump-3508121_1280-1024x562.jpg","datePublished":"2024-12-29T14:50:03+00:00","dateModified":"2024-12-29T14:52:29+00:00","description":"Avec la r\u00e9\u00e9lection de Donald Trump \u00e0 la pr\u00e9sidence des \u00c9tats Unis nous assistons \u00e0 l\u2019augmentation de l\u2019influence d\u2019un courant id\u00e9ologique faisant la","breadcrumb":{"@id":"https:\/\/maclabi.fr\/index.php\/2024\/12\/29\/la-droite-tech-a-pris-le-pouvoir-aux-etats-unis\/#breadcrumb"},"inLanguage":"fr-FR","potentialAction":[{"@type":"ReadAction","target":["https:\/\/maclabi.fr\/index.php\/2024\/12\/29\/la-droite-tech-a-pris-le-pouvoir-aux-etats-unis\/"]}]},{"@type":"ImageObject","inLanguage":"fr-FR","@id":"https:\/\/maclabi.fr\/index.php\/2024\/12\/29\/la-droite-tech-a-pris-le-pouvoir-aux-etats-unis\/#primaryimage","url":"https:\/\/maclabi.fr\/wp-content\/uploads\/2024\/12\/trump-3508121_1280.jpg","contentUrl":"https:\/\/maclabi.fr\/wp-content\/uploads\/2024\/12\/trump-3508121_1280.jpg","width":1280,"height":703},{"@type":"BreadcrumbList","@id":"https:\/\/maclabi.fr\/index.php\/2024\/12\/29\/la-droite-tech-a-pris-le-pouvoir-aux-etats-unis\/#breadcrumb","itemListElement":[{"@type":"ListItem","position":1,"name":"Accueil","item":"https:\/\/maclabi.fr\/"},{"@type":"ListItem","position":2,"name":"La droite tech a pris le pouvoir aux Etats Unis ?"}]},{"@type":"WebSite","@id":"https:\/\/maclabi.fr\/#website","url":"https:\/\/maclabi.fr\/","name":"Blog citoyen - Changer de monde","description":"Sortir du politiquement correct","publisher":{"@id":"https:\/\/maclabi.fr\/#\/schema\/person\/22f8aff35e6205e5d8493a59eb7bb473"},"potentialAction":[{"@type":"SearchAction","target":{"@type":"EntryPoint","urlTemplate":"https:\/\/maclabi.fr\/?s={search_term_string}"},"query-input":{"@type":"PropertyValueSpecification","valueRequired":true,"valueName":"search_term_string"}}],"inLanguage":"fr-FR"},{"@type":["Person","Organization"],"@id":"https:\/\/maclabi.fr\/#\/schema\/person\/22f8aff35e6205e5d8493a59eb7bb473","name":"Maurice","pronouns":"il","image":{"@type":"ImageObject","inLanguage":"fr-FR","@id":"https:\/\/secure.gravatar.com\/avatar\/8c8fde46cf96c88a1c3f545403dc0898a58a125164e99f209dc2b50df4fdfcd5?s=96&d=mm&r=g","url":"https:\/\/secure.gravatar.com\/avatar\/8c8fde46cf96c88a1c3f545403dc0898a58a125164e99f209dc2b50df4fdfcd5?s=96&d=mm&r=g","contentUrl":"https:\/\/secure.gravatar.com\/avatar\/8c8fde46cf96c88a1c3f545403dc0898a58a125164e99f209dc2b50df4fdfcd5?s=96&d=mm&r=g","caption":"Maurice"},"logo":{"@id":"https:\/\/secure.gravatar.com\/avatar\/8c8fde46cf96c88a1c3f545403dc0898a58a125164e99f209dc2b50df4fdfcd5?s=96&d=mm&r=g"},"description":"Retrait\u00e9, dipl\u00f4m\u00e9 en sciences \u00e9conomiques, j'ai \u00e9t\u00e9 enseignant, chercheur en sciences sociales, syndicaliste, mutualiste militant, chef d'entreprise d\u2019\u00e9conomie sociale. Depuis mes \u00e9tudes je suis int\u00e9ress\u00e9 par l'\u00e9pist\u00e9mologie en sciences sociales et la pluridisciplinarit\u00e9. J'ai cr\u00e9\u00e9 ce blog pour m'exprimer et \u00e9changer avec ceux qui le souhaitent.","url":"https:\/\/maclabi.fr\/index.php\/author\/admin5461\/"}]}},"_links":{"self":[{"href":"https:\/\/maclabi.fr\/index.php\/wp-json\/wp\/v2\/posts\/1394","targetHints":{"allow":["GET"]}}],"collection":[{"href":"https:\/\/maclabi.fr\/index.php\/wp-json\/wp\/v2\/posts"}],"about":[{"href":"https:\/\/maclabi.fr\/index.php\/wp-json\/wp\/v2\/types\/post"}],"author":[{"embeddable":true,"href":"https:\/\/maclabi.fr\/index.php\/wp-json\/wp\/v2\/users\/1"}],"replies":[{"embeddable":true,"href":"https:\/\/maclabi.fr\/index.php\/wp-json\/wp\/v2\/comments?post=1394"}],"version-history":[{"count":2,"href":"https:\/\/maclabi.fr\/index.php\/wp-json\/wp\/v2\/posts\/1394\/revisions"}],"predecessor-version":[{"id":1403,"href":"https:\/\/maclabi.fr\/index.php\/wp-json\/wp\/v2\/posts\/1394\/revisions\/1403"}],"wp:attachment":[{"href":"https:\/\/maclabi.fr\/index.php\/wp-json\/wp\/v2\/media?parent=1394"}],"wp:term":[{"taxonomy":"category","embeddable":true,"href":"https:\/\/maclabi.fr\/index.php\/wp-json\/wp\/v2\/categories?post=1394"},{"taxonomy":"post_tag","embeddable":true,"href":"https:\/\/maclabi.fr\/index.php\/wp-json\/wp\/v2\/tags?post=1394"}],"curies":[{"name":"wp","href":"https:\/\/api.w.org\/{rel}","templated":true}]}}